{"id":7006,"date":"2018-09-24T06:47:20","date_gmt":"2018-09-24T06:47:20","guid":{"rendered":"https:\/\/www.adriagate.comhttp:\/\/blog1.adriagate.com\/?p=7006"},"modified":"2018-09-24T06:47:20","modified_gmt":"2018-09-24T06:47:20","slug":"co-navstivit-v-septembri-a-oktobri","status":"publish","type":"post","link":"https:\/\/blog1.adriagate.com\/sk\/co-navstivit-v-septembri-a-oktobri\/","title":{"rendered":"\u010co nav\u0161t\u00edvi\u0165 v septembri a okt\u00f3bri"},"content":{"rendered":"<p>Hoci sez\u00f3na sa pomaly bl\u00ed\u017ei ku koncu, neznamen\u00e1 to, \u017ee dovolenka a z\u00e1bava by sa mali zastavi\u0165. Naopak, prich\u00e1dza obdobie roka, ktor\u00e9 je ide\u00e1lne pre akt\u00edvny oddych v pr\u00edrode, \u010derstv\u00fd vzduch, z\u00fa\u010dastnenia sa \u00a0r\u00f4znych festivaloch a\u00a0ve\u013etrhov. \u00a0Hor\u00face letn\u00e9 dni zohriali more do pr\u00edjemnej teploty, a\u00a0sme si ist\u00ed, \u017ee v\u00e1m zabezpe\u010d\u00ed ve\u013emi dobr\u00e9 podmienky na pl\u00e1vanie a prav\u00e9 osvie\u017eenie.<\/p>\n<p><a href=\"https:\/\/www.adriagate.com\/Chorvatsko-sk\/\">Chorv\u00e1tsko<\/a> je krajina s bohatou hist\u00f3riou a <a href=\"https:\/\/www.adriagate.com\/Chorvatsko-sk\/Pamiatky-UNESCO-Chorvatsko\">kult\u00farnym dedi\u010dstvom<\/a>, na kr\u00e1sne miesta a zauj\u00edmav\u00e9 pr\u00edbehy o ich vzniku, a okrem n\u00e1dhern\u00e9ho mora a\u00a0<a href=\"https:\/\/www.adriagate.com\/Chorvatsko-sk\/Ostrovy-Chorvatsko\">ostrovov<\/a>, \u00a0mal\u00fd raj mo\u017eno n\u00e1js\u0165 v pr\u00edrode v hor\u00e1ch a pozd\u013a\u017e riek. Dovolenka na jese\u0148 v\u00e1m poskytne pr\u00edle\u017eitos\u0165 presk\u00fama\u0165 a pozrie\u0165 si v\u0161etky kr\u00e1sy Chorv\u00e1tska v pr\u00edjemnom \u010dase bez ve\u013ek\u00e9ho tepla s men\u0161\u00edm mno\u017estvom davov a\u00a0za v\u00fdhodn\u00e9 ceny. V tomto ro\u010dnom obdob\u00ed si m\u00f4\u017eete vychutna\u0165 mno\u017estvo koncertov a vyst\u00fapen\u00ed.<\/p>\n<h2>Vyu\u017eite v\u0161etky v\u00fdhody dovolenky mimo hlavnej sez\u00f3ny a nav\u0161t\u00edvte niektor\u00e9 z nasleduj\u00facich destin\u00e1ci\u00ed a udalost\u00ed:<\/h2>\n<h3><strong>Dubrovn\u00edk<\/strong><\/h3>\n<p>Jese\u0148 je ide\u00e1lnym miestom pre n\u00e1v\u0161tevu jednej z najzn\u00e1mej\u0161\u00edch turistick\u00fdch destin\u00e1ci\u00ed Stredozemn\u00e9ho mora &#8211; <a href=\"https:\/\/www.adriagate.com\/Chorvatsko-sk\/Dubrovnik\">Dubrovn\u00edka<\/a>. Nielen\u017ee n\u00e1klady na ubytovanie, l\u00edstky, jedlo a\u00a0n\u00e1poje s\u00fa ove\u013ea \u00faspornej\u0161ie, ale vyhnite sa aj ve\u013ek\u00fdm letn\u00fdm davom a hor\u00facim d\u0148om. V tejto dobe v Dubrovn\u00edku s\u00fa r\u00f4zne programy, ako s\u00fa koncerty, divadeln\u00e9 predstavenia, opern\u00e9 a folkl\u00f3rne podujatia. V okt\u00f3bri sa tradi\u010dne kon\u00e1 festival dobr\u00e9ho jedla &#8220;Good Food&#8221; pre v\u0161etk\u00fdch fan\u00fa\u0161ikov dobr\u00e9ho jedla a n\u00e1pojov. Nezabudnite nav\u0161t\u00edvi\u0165 t\u00fato \u0161tvord\u0148ov\u00fa kulin\u00e1rsku udalos\u0165 s r\u00f4znym tradi\u010dn\u00fdm a modern\u00fdm gastronomick\u00fdm programom.<\/p>\n<figure id=\"attachment_7008\" aria-describedby=\"caption-attachment-7008\" style=\"width: 1358px\" class=\"wp-caption alignnone\"><a href=\"https:\/\/www.adriagate.com\/Chorvatsko-sk\/Dubrovnik\"><img loading=\"lazy\" decoding=\"async\" class=\"wp-image-7008 size-full\" src=\"https:\/\/www.adriagate.comhttp:\/\/blog1.adriagate.com\/wp-content\/uploads\/2018\/09\/1_Dubrovnik_sk.jpg\" alt=\"\" width=\"1358\" height=\"900\" srcset=\"https:\/\/blog1.adriagate.com\/wp-content\/uploads\/2018\/09\/1_Dubrovnik_sk.jpg 1358w, https:\/\/blog1.adriagate.com\/wp-content\/uploads\/2018\/09\/1_Dubrovnik_sk-300x199.jpg 300w, https:\/\/blog1.adriagate.com\/wp-content\/uploads\/2018\/09\/1_Dubrovnik_sk-768x509.jpg 768w, https:\/\/blog1.adriagate.com\/wp-content\/uploads\/2018\/09\/1_Dubrovnik_sk-1024x679.jpg 1024w, https:\/\/blog1.adriagate.com\/wp-content\/uploads\/2018\/09\/1_Dubrovnik_sk-696x461.jpg 696w, https:\/\/blog1.adriagate.com\/wp-content\/uploads\/2018\/09\/1_Dubrovnik_sk-634x420.jpg 634w\" sizes=\"auto, (max-width: 1358px) 100vw, 1358px\" \/><\/a><figcaption id=\"caption-attachment-7008\" class=\"wp-caption-text\">Festival dobr\u00e9ho jedla &#8220;Good Food&#8221;<\/figcaption><\/figure>\n<p>Okrem t\u00fdchto udalost\u00ed nenechajte si ujs\u0165 prech\u00e1dzku po atrakt\u00edvnych hradb\u00e1ch, ktor\u00e9 obklopuj\u00fa star\u00fa \u010das\u0165 mesta. Prech\u00e1dzka po hradb\u00e1ch je skuto\u010dnou atrakciou a poh\u013ead na mesto, okolit\u00e9 ostrovy a modr\u00e9 more, vyraz\u00ed \u00a0dych ka\u017ed\u00e9ho n\u00e1v\u0161tevn\u00edka.<\/p>\n<figure id=\"attachment_7009\" aria-describedby=\"caption-attachment-7009\" style=\"width: 1355px\" class=\"wp-caption alignnone\"><a href=\"https:\/\/www.adriagate.com\/Chorvatsko-sk\/Dubrovnik\"><img loading=\"lazy\" decoding=\"async\" class=\"wp-image-7009 size-full\" src=\"https:\/\/www.adriagate.comhttp:\/\/blog1.adriagate.com\/wp-content\/uploads\/2018\/09\/2_Dubrovnik_sk.jpg\" alt=\"\" width=\"1355\" height=\"900\" srcset=\"https:\/\/blog1.adriagate.com\/wp-content\/uploads\/2018\/09\/2_Dubrovnik_sk.jpg 1355w, https:\/\/blog1.adriagate.com\/wp-content\/uploads\/2018\/09\/2_Dubrovnik_sk-300x199.jpg 300w, https:\/\/blog1.adriagate.com\/wp-content\/uploads\/2018\/09\/2_Dubrovnik_sk-768x510.jpg 768w, https:\/\/blog1.adriagate.com\/wp-content\/uploads\/2018\/09\/2_Dubrovnik_sk-1024x680.jpg 1024w, https:\/\/blog1.adriagate.com\/wp-content\/uploads\/2018\/09\/2_Dubrovnik_sk-696x462.jpg 696w, https:\/\/blog1.adriagate.com\/wp-content\/uploads\/2018\/09\/2_Dubrovnik_sk-632x420.jpg 632w\" sizes=\"auto, (max-width: 1355px) 100vw, 1355px\" \/><\/a><figcaption id=\"caption-attachment-7009\" class=\"wp-caption-text\">Dubrovnik<\/figcaption><\/figure>\n<p>Nenechajte si ujs\u0165 n\u00e1v\u0161tevu v\u00fdh\u013eadky Sr\u0111 nad Dubrovn\u00edkom. Pote\u0161\u00ed v\u00e1s n\u00e1dhern\u00fd v\u00fdh\u013ead na mesto a jeden z najkraj\u0161\u00edch z\u00e1padov slnka na svete. \u0160pecialitou tejto lokality je, \u017ee sa tam dostanete autom, pe\u0161o, alebo atrakt\u00edvnou lanovkou.<\/p>\n<figure id=\"attachment_7010\" aria-describedby=\"caption-attachment-7010\" style=\"width: 1355px\" class=\"wp-caption alignnone\"><a href=\"https:\/\/www.adriagate.com\/Chorvatsko-sk\/Dubrovnik\"><img loading=\"lazy\" decoding=\"async\" class=\"wp-image-7010 size-full\" src=\"https:\/\/www.adriagate.comhttp:\/\/blog1.adriagate.com\/wp-content\/uploads\/2018\/09\/3_Dubrovnik_sk.jpg\" alt=\"\" width=\"1355\" height=\"900\" srcset=\"https:\/\/blog1.adriagate.com\/wp-content\/uploads\/2018\/09\/3_Dubrovnik_sk.jpg 1355w, https:\/\/blog1.adriagate.com\/wp-content\/uploads\/2018\/09\/3_Dubrovnik_sk-300x199.jpg 300w, https:\/\/blog1.adriagate.com\/wp-content\/uploads\/2018\/09\/3_Dubrovnik_sk-768x510.jpg 768w, https:\/\/blog1.adriagate.com\/wp-content\/uploads\/2018\/09\/3_Dubrovnik_sk-1024x680.jpg 1024w, https:\/\/blog1.adriagate.com\/wp-content\/uploads\/2018\/09\/3_Dubrovnik_sk-696x462.jpg 696w, https:\/\/blog1.adriagate.com\/wp-content\/uploads\/2018\/09\/3_Dubrovnik_sk-632x420.jpg 632w\" sizes=\"auto, (max-width: 1355px) 100vw, 1355px\" \/><\/a><figcaption id=\"caption-attachment-7010\" class=\"wp-caption-text\">Sr\u0111<\/figcaption><\/figure>\n<h3><strong>\u0160ibenik<\/strong><\/h3>\n<p>V septembri m\u00e1 <a href=\"https:\/\/www.adriagate.com\/Chorvatsko-sk\/Sibenik\">\u0160ibenik<\/a> stredovek\u00fd ve\u013etrh, na ktorom sa \u0160ibenik vracia do \u010dias, ke\u010f bol najv\u00e4\u010d\u0161\u00edm chorv\u00e1tskym mestom. Na ve\u013etrhu sa ka\u017edoro\u010dne z\u00fa\u010dast\u0148uje viac ako 500 \u00fa\u010dastn\u00edkov a 250 vystavovate\u013eov, a v\u0161etci n\u00e1v\u0161tevn\u00edci sa sna\u017eia pribl\u00ed\u017ei\u0165 sp\u00f4sob \u017eivota a pr\u00e1ce v stredoveku, kedy neexistovala technol\u00f3gia, a\u00a0pracovalo sa v\u00fdhradne \u0161ikovn\u00fdmi rukami. V\u0161etci milovn\u00edci trad\u00edci\u00ed a star\u00fdch remesiel bud\u00fa ma\u0165 mo\u017enos\u0165 nav\u0161t\u00edvi\u0165 \u00a0ve\u013etrh. 29. septembra, kedy \u0160ibenik oslavuje sv\u00e4t\u00e9ho Michaela, ochrancu mesta.<\/p>\n<figure id=\"attachment_7011\" aria-describedby=\"caption-attachment-7011\" style=\"width: 1350px\" class=\"wp-caption alignnone\"><a href=\"https:\/\/www.adriagate.com\/Chorvatsko-sk\/Sibenik\"><img loading=\"lazy\" decoding=\"async\" class=\"wp-image-7011 size-full\" src=\"https:\/\/www.adriagate.comhttp:\/\/blog1.adriagate.com\/wp-content\/uploads\/2018\/09\/4_Sibenik_sk.jpg\" alt=\"\" width=\"1350\" height=\"900\" srcset=\"https:\/\/blog1.adriagate.com\/wp-content\/uploads\/2018\/09\/4_Sibenik_sk.jpg 1350w, https:\/\/blog1.adriagate.com\/wp-content\/uploads\/2018\/09\/4_Sibenik_sk-300x200.jpg 300w, https:\/\/blog1.adriagate.com\/wp-content\/uploads\/2018\/09\/4_Sibenik_sk-768x512.jpg 768w, https:\/\/blog1.adriagate.com\/wp-content\/uploads\/2018\/09\/4_Sibenik_sk-1024x683.jpg 1024w, https:\/\/blog1.adriagate.com\/wp-content\/uploads\/2018\/09\/4_Sibenik_sk-696x464.jpg 696w, https:\/\/blog1.adriagate.com\/wp-content\/uploads\/2018\/09\/4_Sibenik_sk-630x420.jpg 630w\" sizes=\"auto, (max-width: 1350px) 100vw, 1350px\" \/><\/a><figcaption id=\"caption-attachment-7011\" class=\"wp-caption-text\">\u0160ibenik stredovek\u00fd ve\u013etrh<\/figcaption><\/figure>\n<p>Tie\u017e na kr\u00e1snej pevnosti Sv. Michaela sa kon\u00e1 viac koncertov a vyst\u00fapen\u00ed, a m\u00f4\u017eete si vychutna\u0165 prech\u00e1dzku na vrchol pevnosti a\u00a0s kr\u00e1snym v\u00fdh\u013eadom na mesto, more a ostrovy.<\/p>\n<figure id=\"attachment_7012\" aria-describedby=\"caption-attachment-7012\" style=\"width: 1358px\" class=\"wp-caption alignnone\"><a href=\"https:\/\/www.adriagate.com\/Chorvatsko-sk\/Sibenik\"><img loading=\"lazy\" decoding=\"async\" class=\"wp-image-7012 size-full\" src=\"https:\/\/www.adriagate.comhttp:\/\/blog1.adriagate.com\/wp-content\/uploads\/2018\/09\/5_Sibenik_sk.jpg\" alt=\"\" width=\"1358\" height=\"900\" srcset=\"https:\/\/blog1.adriagate.com\/wp-content\/uploads\/2018\/09\/5_Sibenik_sk.jpg 1358w, https:\/\/blog1.adriagate.com\/wp-content\/uploads\/2018\/09\/5_Sibenik_sk-300x199.jpg 300w, https:\/\/blog1.adriagate.com\/wp-content\/uploads\/2018\/09\/5_Sibenik_sk-768x509.jpg 768w, https:\/\/blog1.adriagate.com\/wp-content\/uploads\/2018\/09\/5_Sibenik_sk-1024x679.jpg 1024w, https:\/\/blog1.adriagate.com\/wp-content\/uploads\/2018\/09\/5_Sibenik_sk-696x461.jpg 696w, https:\/\/blog1.adriagate.com\/wp-content\/uploads\/2018\/09\/5_Sibenik_sk-634x420.jpg 634w\" sizes=\"auto, (max-width: 1358px) 100vw, 1358px\" \/><\/a><figcaption id=\"caption-attachment-7012\" class=\"wp-caption-text\">Fort Sv. Michaela<\/figcaption><\/figure>\n<h3><strong>Pula<\/strong><\/h3>\n<p><a href=\"https:\/\/www.adriagate.com\/Chorvatsko-sk\/Pula\">Pula<\/a> je mesto s bohatou hist\u00f3riou, o \u010dom sved\u010dia po\u010detn\u00e9 pamiatky a budovy. Trad\u00edciu a kult\u00faru je c\u00edti\u0165 vo v\u0161etk\u00fdch uliciach mesta a amfite\u00e1ter Arena je najzn\u00e1mej\u0161ou a najv\u00fdznamnej\u0161ou budovou, ktorou za\u010d\u00edna ka\u017ed\u00e1 prehliadka mesta Pula.<\/p>\n<figure id=\"attachment_7013\" aria-describedby=\"caption-attachment-7013\" style=\"width: 1350px\" class=\"wp-caption alignnone\"><a href=\"https:\/\/www.adriagate.com\/Chorvatsko-sk\/Pula\"><img loading=\"lazy\" decoding=\"async\" class=\"wp-image-7013 size-full\" src=\"https:\/\/www.adriagate.comhttp:\/\/blog1.adriagate.com\/wp-content\/uploads\/2018\/09\/6_Pula_sk.jpg\" alt=\"\" width=\"1350\" height=\"900\" srcset=\"https:\/\/blog1.adriagate.com\/wp-content\/uploads\/2018\/09\/6_Pula_sk.jpg 1350w, https:\/\/blog1.adriagate.com\/wp-content\/uploads\/2018\/09\/6_Pula_sk-300x200.jpg 300w, https:\/\/blog1.adriagate.com\/wp-content\/uploads\/2018\/09\/6_Pula_sk-768x512.jpg 768w, https:\/\/blog1.adriagate.com\/wp-content\/uploads\/2018\/09\/6_Pula_sk-1024x683.jpg 1024w, https:\/\/blog1.adriagate.com\/wp-content\/uploads\/2018\/09\/6_Pula_sk-696x464.jpg 696w, https:\/\/blog1.adriagate.com\/wp-content\/uploads\/2018\/09\/6_Pula_sk-630x420.jpg 630w\" sizes=\"auto, (max-width: 1350px) 100vw, 1350px\" \/><\/a><figcaption id=\"caption-attachment-7013\" class=\"wp-caption-text\">Amfite\u00e1ter Arena<\/figcaption><\/figure>\n<p>Festival Outlook je ur\u010dite jednou z najd\u00f4le\u017eitej\u0161\u00edch udalost\u00ed v Pule a bude sa kona\u0165 za\u010diatkom septembra. Je tie\u017e najv\u00e4\u010d\u0161\u00edm eur\u00f3pskym festivalom basovej hudby. Okrem vy\u0161\u0161ie uveden\u00fdch podujat\u00ed, po\u010das jesene, v Pule si m\u00f4\u017eete vychutna\u0165 aj mno\u017estvo koncertov a\u00a0festivalov elektronickej z\u00e1bavy a jazzovej hudby, v\u00fdstupenia a anim\u00e1cie v centre mesta, a na r\u00f4znych ve\u013etrhoch ma\u0165 mo\u017enos\u0165 stretn\u00fa\u0165 sa s p\u00f4vodn\u00fdmi istrijsk\u00fdmi produktmi.<\/p>\n<figure id=\"attachment_7014\" aria-describedby=\"caption-attachment-7014\" style=\"width: 1350px\" class=\"wp-caption alignnone\"><a href=\"https:\/\/www.adriagate.com\/Chorvatsko-sk\/Pula\"><img loading=\"lazy\" decoding=\"async\" class=\"wp-image-7014 size-full\" src=\"https:\/\/www.adriagate.comhttp:\/\/blog1.adriagate.com\/wp-content\/uploads\/2018\/09\/7_Pula_sk.jpg\" alt=\"\" width=\"1350\" height=\"900\" srcset=\"https:\/\/blog1.adriagate.com\/wp-content\/uploads\/2018\/09\/7_Pula_sk.jpg 1350w, https:\/\/blog1.adriagate.com\/wp-content\/uploads\/2018\/09\/7_Pula_sk-300x200.jpg 300w, https:\/\/blog1.adriagate.com\/wp-content\/uploads\/2018\/09\/7_Pula_sk-768x512.jpg 768w, https:\/\/blog1.adriagate.com\/wp-content\/uploads\/2018\/09\/7_Pula_sk-1024x683.jpg 1024w, https:\/\/blog1.adriagate.com\/wp-content\/uploads\/2018\/09\/7_Pula_sk-696x464.jpg 696w, https:\/\/blog1.adriagate.com\/wp-content\/uploads\/2018\/09\/7_Pula_sk-630x420.jpg 630w\" sizes=\"auto, (max-width: 1350px) 100vw, 1350px\" \/><\/a><figcaption id=\"caption-attachment-7014\" class=\"wp-caption-text\">Festival Outlook<\/figcaption><\/figure>\n<h3><strong>Omi\u0161<\/strong><\/h3>\n<p><a href=\"https:\/\/www.adriagate.com\/Chorvatsko-sk\/Omis\">Omi\u0161<\/a> je mal\u00e9 meste\u010dko nach\u00e1dzaj\u00face sa v srdci Dalm\u00e1cie pri \u00fast\u00ed rieky Cetina. Nach\u00e1dza sa vo ve\u013ekolepom ka\u0148one obklopenom skalami hory Dinara. Okrem kr\u00e1snych pl\u00e1\u017e\u00ed, ktor\u00e9 s\u00fa ide\u00e1lne pre rodinn\u00fa dovolenku, mno\u017estvo historick\u00fdch stavieb, ktor\u00e9 o\u010daria v\u0161etk\u00fdch t\u00fdch, ktor\u00ed maj\u00fa radi hist\u00f3riu a kult\u00faru, Omi\u0161 je destin\u00e1ciou ide\u00e1lnou pre t\u00fdch, ktor\u00ed h\u013eadaj\u00fa akt\u00edvnu dovolenku a pr\u00edrodn\u00e9 kr\u00e1sy.<\/p>\n<figure id=\"attachment_7015\" aria-describedby=\"caption-attachment-7015\" style=\"width: 1241px\" class=\"wp-caption alignnone\"><a href=\"https:\/\/www.adriagate.com\/Chorvatsko-sk\/Omis\"><img loading=\"lazy\" decoding=\"async\" class=\"wp-image-7015 size-full\" src=\"https:\/\/www.adriagate.comhttp:\/\/blog1.adriagate.com\/wp-content\/uploads\/2018\/09\/8_Omis_sk.jpg\" alt=\"\" width=\"1241\" height=\"900\" srcset=\"https:\/\/blog1.adriagate.com\/wp-content\/uploads\/2018\/09\/8_Omis_sk.jpg 1241w, https:\/\/blog1.adriagate.com\/wp-content\/uploads\/2018\/09\/8_Omis_sk-300x218.jpg 300w, https:\/\/blog1.adriagate.com\/wp-content\/uploads\/2018\/09\/8_Omis_sk-768x557.jpg 768w, https:\/\/blog1.adriagate.com\/wp-content\/uploads\/2018\/09\/8_Omis_sk-1024x743.jpg 1024w, https:\/\/blog1.adriagate.com\/wp-content\/uploads\/2018\/09\/8_Omis_sk-324x235.jpg 324w, https:\/\/blog1.adriagate.com\/wp-content\/uploads\/2018\/09\/8_Omis_sk-696x505.jpg 696w, https:\/\/blog1.adriagate.com\/wp-content\/uploads\/2018\/09\/8_Omis_sk-579x420.jpg 579w\" sizes=\"auto, (max-width: 1241px) 100vw, 1241px\" \/><\/a><figcaption id=\"caption-attachment-7015\" class=\"wp-caption-text\">Omi\u0161<\/figcaption><\/figure>\n<p>Najlep\u0161\u00edm obdob\u00edm roka na akt\u00edvnu dovolenku je jesenn\u00e9 obdobie, ke\u010f s\u00fa letn\u00e9 hor\u00fa\u010davy a\u00a0davy za nami. \u010ealej v Omi\u0161i si m\u00f4\u017eete vychutna\u0165 rafting a\u00a0ka\u0148oning na rieke Cetina, nezabudnute\u013en\u00fa Zipline nad ka\u0148onom, kanyoning, \u00a0alebo pe\u0161iu turistiku a v\u00fdlety do h\u00f4r Dinara. V tomto ro\u010dnom obdob\u00ed sa tie\u017e kon\u00e1 \u00a0Dalm\u00e1cii Ultra Trail, medzin\u00e1rodn\u00fd trekingov\u00fd z\u00e1vod s viac ako 400 \u00fa\u010dastn\u00edkmi z viac ako 30 kraj\u00edn. Pre\u010do by ste tie\u017e nepok\u00fa\u0161ali?<\/p>\n<figure id=\"attachment_7016\" aria-describedby=\"caption-attachment-7016\" style=\"width: 1350px\" class=\"wp-caption alignnone\"><a href=\"https:\/\/www.adriagate.com\/Chorvatsko-sk\/Omis\"><img loading=\"lazy\" decoding=\"async\" class=\"wp-image-7016 size-full\" src=\"https:\/\/www.adriagate.comhttp:\/\/blog1.adriagate.com\/wp-content\/uploads\/2018\/09\/9_Omis_sk.jpg\" alt=\"\" width=\"1350\" height=\"900\" srcset=\"https:\/\/blog1.adriagate.com\/wp-content\/uploads\/2018\/09\/9_Omis_sk.jpg 1350w, https:\/\/blog1.adriagate.com\/wp-content\/uploads\/2018\/09\/9_Omis_sk-300x200.jpg 300w, https:\/\/blog1.adriagate.com\/wp-content\/uploads\/2018\/09\/9_Omis_sk-768x512.jpg 768w, https:\/\/blog1.adriagate.com\/wp-content\/uploads\/2018\/09\/9_Omis_sk-1024x683.jpg 1024w, https:\/\/blog1.adriagate.com\/wp-content\/uploads\/2018\/09\/9_Omis_sk-696x464.jpg 696w, https:\/\/blog1.adriagate.com\/wp-content\/uploads\/2018\/09\/9_Omis_sk-630x420.jpg 630w\" sizes=\"auto, (max-width: 1350px) 100vw, 1350px\" \/><\/a><figcaption id=\"caption-attachment-7016\" class=\"wp-caption-text\">Rafting na rieke Cetina<\/figcaption><\/figure>\n<h3><strong>Ston<\/strong><\/h3>\n<p><a href=\"https:\/\/www.adriagate.com\/Chorvatsko-sk\/Ston\">Ston<\/a> je mal\u00e9 mesto ve\u013ek\u00fdch amb\u00edci\u00ed a pr\u00edle\u017eitost\u00ed. Tie\u017e je zn\u00e1me ako &#8220;Mesto soli&#8221;, a tie\u017e m\u00e1 najdlh\u0161ie kamenn\u00e9 hradby v Eur\u00f3pe. V\u00a0septembri sa tu kon\u00e1 jedine\u010dn\u00fd marat\u00f3n. Bez oh\u013eadu na to, \u00a0\u010di ste len rekrea\u010dn\u00fd alebo profesion\u00e1lny be\u017eec, tento z\u00e1vod pre v\u00e1s skuto\u010dnou v\u00fdzvou, ale aj ve\u013ekou rados\u0165ou a z\u00e1bavou.<\/p>\n<figure id=\"attachment_7017\" aria-describedby=\"caption-attachment-7017\" style=\"width: 1350px\" class=\"wp-caption alignnone\"><a href=\"https:\/\/www.adriagate.com\/Chorvatsko-sk\/Ston\"><img loading=\"lazy\" decoding=\"async\" class=\"wp-image-7017 size-full\" src=\"https:\/\/www.adriagate.comhttp:\/\/blog1.adriagate.com\/wp-content\/uploads\/2018\/09\/10_Ston_sk.jpg\" alt=\"\" width=\"1350\" height=\"900\" srcset=\"https:\/\/blog1.adriagate.com\/wp-content\/uploads\/2018\/09\/10_Ston_sk.jpg 1350w, https:\/\/blog1.adriagate.com\/wp-content\/uploads\/2018\/09\/10_Ston_sk-300x200.jpg 300w, https:\/\/blog1.adriagate.com\/wp-content\/uploads\/2018\/09\/10_Ston_sk-768x512.jpg 768w, https:\/\/blog1.adriagate.com\/wp-content\/uploads\/2018\/09\/10_Ston_sk-1024x683.jpg 1024w, https:\/\/blog1.adriagate.com\/wp-content\/uploads\/2018\/09\/10_Ston_sk-696x464.jpg 696w, https:\/\/blog1.adriagate.com\/wp-content\/uploads\/2018\/09\/10_Ston_sk-630x420.jpg 630w\" sizes=\"auto, (max-width: 1350px) 100vw, 1350px\" \/><\/a><figcaption id=\"caption-attachment-7017\" class=\"wp-caption-text\">Ston<\/figcaption><\/figure>\n<p>Po\u010das jesene, sa v Stone kon\u00e1 barokov\u00fd festival, ako aj ve\u010dere zborovej hudby. Nezabudnite nav\u0161t\u00edvi\u0165 niektor\u00e9 z historick\u00fdch pamiatok, ako napr\u00edklad kostol sv. Mihajla, \u00farady Dubrovn\u00edckej republiky a knie\u017eac\u00ed dvor.<\/p>\n<figure id=\"attachment_7018\" aria-describedby=\"caption-attachment-7018\" style=\"width: 1350px\" class=\"wp-caption alignnone\"><a href=\"https:\/\/www.adriagate.com\/Chorvatsko-sk\/Ston\"><img loading=\"lazy\" decoding=\"async\" class=\"wp-image-7018 size-full\" src=\"https:\/\/www.adriagate.comhttp:\/\/blog1.adriagate.com\/wp-content\/uploads\/2018\/09\/11_Ston_sk.jpg\" alt=\"\" width=\"1350\" height=\"900\" srcset=\"https:\/\/blog1.adriagate.com\/wp-content\/uploads\/2018\/09\/11_Ston_sk.jpg 1350w, https:\/\/blog1.adriagate.com\/wp-content\/uploads\/2018\/09\/11_Ston_sk-300x200.jpg 300w, https:\/\/blog1.adriagate.com\/wp-content\/uploads\/2018\/09\/11_Ston_sk-768x512.jpg 768w, https:\/\/blog1.adriagate.com\/wp-content\/uploads\/2018\/09\/11_Ston_sk-1024x683.jpg 1024w, https:\/\/blog1.adriagate.com\/wp-content\/uploads\/2018\/09\/11_Ston_sk-696x464.jpg 696w, https:\/\/blog1.adriagate.com\/wp-content\/uploads\/2018\/09\/11_Ston_sk-630x420.jpg 630w\" sizes=\"auto, (max-width: 1350px) 100vw, 1350px\" \/><\/a><figcaption id=\"caption-attachment-7018\" class=\"wp-caption-text\">Ston<\/figcaption><\/figure>\n<h3><strong>Rabac<\/strong><\/h3>\n<p><a href=\"https:\/\/www.adriagate.com\/Chorvatsko-sk\/Rabac\">Rabac<\/a> je miestom, ktor\u00e9 sa nach\u00e1dza v bl\u00edzkosti Labinu v kr\u00e1snej z\u00e1toke obklopenej bujnou veget\u00e1ciou. N\u00e1bre\u017en\u00e1 promen\u00e1da je vhodn\u00e1 pre detsk\u00e9 bicyklovanie, be\u017eeck\u00e9 alebo klzisko. Rabac je zn\u00e1my svojou bohatou turistickou ponukou a pomaly sa vyv\u00edja do centra modernej a zdravotnej turistiky. Ide\u00e1lnym miestom pre milovn\u00edkov \u0161portu a rekre\u00e1cie, ktor\u00e9 si m\u00f4\u017eete vychutna\u0165 v aquaparku, stoln\u00fd tenis, mini golf, jazda na koni, lov, ryb\u00e1r\u010denie, pot\u00e1panie, plachtenie, horolezectvo, pl\u00e1\u017eov\u00fd volejbal, paintball a mnoho \u010fal\u0161\u00edch aktiv\u00edt. Vhodn\u00fd \u010das na n\u00e1v\u0161tevu je pr\u00e1ve na jese\u0148, ke\u010f sa v meste konaj\u00fa mnoh\u00e9 cyklistick\u00e9 preteky.<\/p>\n<figure id=\"attachment_7019\" aria-describedby=\"caption-attachment-7019\" style=\"width: 1350px\" class=\"wp-caption alignnone\"><a href=\"https:\/\/www.adriagate.com\/Chorvatsko-sk\/Rabac\"><img loading=\"lazy\" decoding=\"async\" class=\"wp-image-7019 size-full\" src=\"https:\/\/www.adriagate.comhttp:\/\/blog1.adriagate.com\/wp-content\/uploads\/2018\/09\/12_Rabac_sk.jpg\" alt=\"\" width=\"1350\" height=\"900\" srcset=\"https:\/\/blog1.adriagate.com\/wp-content\/uploads\/2018\/09\/12_Rabac_sk.jpg 1350w, https:\/\/blog1.adriagate.com\/wp-content\/uploads\/2018\/09\/12_Rabac_sk-300x200.jpg 300w, https:\/\/blog1.adriagate.com\/wp-content\/uploads\/2018\/09\/12_Rabac_sk-768x512.jpg 768w, https:\/\/blog1.adriagate.com\/wp-content\/uploads\/2018\/09\/12_Rabac_sk-1024x683.jpg 1024w, https:\/\/blog1.adriagate.com\/wp-content\/uploads\/2018\/09\/12_Rabac_sk-696x464.jpg 696w, https:\/\/blog1.adriagate.com\/wp-content\/uploads\/2018\/09\/12_Rabac_sk-630x420.jpg 630w\" sizes=\"auto, (max-width: 1350px) 100vw, 1350px\" \/><\/a><figcaption id=\"caption-attachment-7019\" class=\"wp-caption-text\">Rabac<\/figcaption><\/figure>\n","protected":false},"excerpt":{"rendered":"<p>Hoci sez\u00f3na sa pomaly bl\u00ed\u017ei ku koncu, neznamen\u00e1 to, \u017ee dovolenka a z\u00e1bava by sa mali zastavi\u0165. Naopak, prich\u00e1dza obdobie roka, ktor\u00e9 je ide\u00e1lne pre akt\u00edvny oddych v pr\u00edrode, \u010derstv\u00fd vzduch, z\u00fa\u010dastnenia sa \u00a0r\u00f4znych festivaloch a\u00a0ve\u013etrhov. \u00a0Hor\u00face letn\u00e9 dni zohriali more do pr\u00edjemnej teploty, a\u00a0sme si ist\u00ed, \u017ee v\u00e1m zabezpe\u010d\u00ed ve\u013emi dobr\u00e9 podmienky na pl\u00e1vanie [&hellip;]<\/p>\n","protected":false},"author":2,"featured_media":7007,"comment_status":"open","ping_status":"open","sticky":false,"template":"","format":"standard","meta":{"footnotes":""},"categories":[10,13,16,12],"tags":[],"class_list":{"0":"post-7006","1":"post","2":"type-post","3":"status-publish","4":"format-standard","5":"has-post-thumbnail","7":"category-adventure-tours","8":"category-culture-tradition","9":"category-news-events","10":"category-city-guide"},"yoast_head":"<!-- This site is optimized with the Yoast SEO plugin v20.4 - https:\/\/yoast.com\/wordpress\/plugins\/seo\/ -->\n<title>\u010co nav\u0161t\u00edvi\u0165 v septembri a okt\u00f3bri - TRAVEL BLOG<\/title>\n<meta name=\"robots\" content=\"index, follow, max-snippet:-1, max-image-preview:large, max-video-preview:-1\" \/>\n<link rel=\"canonical\" href=\"https:\/\/www.adriagate.com\/blog\/en\/co-navstivit-v-septembri-a-oktobri\/\" \/>\n<meta property=\"og:locale\" content=\"en_US\" \/>\n<meta property=\"og:type\" content=\"article\" \/>\n<meta property=\"og:title\" content=\"\u010co nav\u0161t\u00edvi\u0165 v septembri a okt\u00f3bri - TRAVEL BLOG\" \/>\n<meta property=\"og:description\" content=\"Hoci sez\u00f3na sa pomaly bl\u00ed\u017ei ku koncu, neznamen\u00e1 to, \u017ee dovolenka a z\u00e1bava by sa mali zastavi\u0165. Naopak, prich\u00e1dza obdobie roka, ktor\u00e9 je ide\u00e1lne pre akt\u00edvny oddych v pr\u00edrode, \u010derstv\u00fd vzduch, z\u00fa\u010dastnenia sa \u00a0r\u00f4znych festivaloch a\u00a0ve\u013etrhov. \u00a0Hor\u00face letn\u00e9 dni zohriali more do pr\u00edjemnej teploty, a\u00a0sme si ist\u00ed, \u017ee v\u00e1m zabezpe\u010d\u00ed ve\u013emi dobr\u00e9 podmienky na pl\u00e1vanie [&hellip;]\" \/>\n<meta property=\"og:url\" content=\"https:\/\/blog1.adriagate.com\/sk\/co-navstivit-v-septembri-a-oktobri\/\" \/>\n<meta property=\"og:site_name\" content=\"TRAVEL BLOG\" \/>\n<meta property=\"article:published_time\" content=\"2018-09-24T06:47:20+00:00\" \/>\n<meta property=\"og:image\" content=\"https:\/\/blog1.adriagate.com\/wp-content\/uploads\/2018\/09\/0_Glavna_sk.jpg\" \/>\n\t<meta property=\"og:image:width\" content=\"1700\" \/>\n\t<meta property=\"og:image:height\" content=\"789\" \/>\n\t<meta property=\"og:image:type\" content=\"image\/jpeg\" \/>\n<meta name=\"author\" content=\"Ana\" \/>\n<meta name=\"twitter:card\" content=\"summary_large_image\" \/>\n<meta name=\"twitter:label1\" content=\"Written by\" \/>\n\t<meta name=\"twitter:data1\" content=\"Ana\" \/>\n\t<meta name=\"twitter:label2\" content=\"Est. reading time\" \/>\n\t<meta name=\"twitter:data2\" content=\"6 minutes\" \/>\n<script type=\"application\/ld+json\" class=\"yoast-schema-graph\">{\"@context\":\"https:\/\/schema.org\",\"@graph\":[{\"@type\":\"WebPage\",\"@id\":\"https:\/\/blog1.adriagate.com\/sk\/co-navstivit-v-septembri-a-oktobri\/\",\"url\":\"https:\/\/blog1.adriagate.com\/sk\/co-navstivit-v-septembri-a-oktobri\/\",\"name\":\"\u010co nav\u0161t\u00edvi\u0165 v septembri a okt\u00f3bri - TRAVEL BLOG\",\"isPartOf\":{\"@id\":\"https:\/\/blog1.adriagate.com\/en\/#website\"},\"datePublished\":\"2018-09-24T06:47:20+00:00\",\"dateModified\":\"2018-09-24T06:47:20+00:00\",\"author\":{\"@id\":\"https:\/\/blog1.adriagate.com\/en\/#\/schema\/person\/6c240e3c1497e2d30b865edeae5742eb\"},\"breadcrumb\":{\"@id\":\"https:\/\/blog1.adriagate.com\/sk\/co-navstivit-v-septembri-a-oktobri\/#breadcrumb\"},\"inLanguage\":\"en-US\",\"potentialAction\":[{\"@type\":\"ReadAction\",\"target\":[\"https:\/\/blog1.adriagate.com\/sk\/co-navstivit-v-septembri-a-oktobri\/\"]}]},{\"@type\":\"BreadcrumbList\",\"@id\":\"https:\/\/blog1.adriagate.com\/sk\/co-navstivit-v-septembri-a-oktobri\/#breadcrumb\",\"itemListElement\":[{\"@type\":\"ListItem\",\"position\":1,\"name\":\"Home\",\"item\":\"https:\/\/blog1.adriagate.com\/en\/\"},{\"@type\":\"ListItem\",\"position\":2,\"name\":\"\u010co nav\u0161t\u00edvi\u0165 v septembri a okt\u00f3bri\"}]},{\"@type\":\"WebSite\",\"@id\":\"https:\/\/blog1.adriagate.com\/en\/#website\",\"url\":\"https:\/\/blog1.adriagate.com\/en\/\",\"name\":\"TRAVEL BLOG\",\"description\":\"Powered by Adriagate\",\"potentialAction\":[{\"@type\":\"SearchAction\",\"target\":{\"@type\":\"EntryPoint\",\"urlTemplate\":\"https:\/\/blog1.adriagate.com\/en\/?s={search_term_string}\"},\"query-input\":\"required name=search_term_string\"}],\"inLanguage\":\"en-US\"},{\"@type\":\"Person\",\"@id\":\"https:\/\/blog1.adriagate.com\/en\/#\/schema\/person\/6c240e3c1497e2d30b865edeae5742eb\",\"name\":\"Ana\",\"image\":{\"@type\":\"ImageObject\",\"inLanguage\":\"en-US\",\"@id\":\"https:\/\/blog1.adriagate.com\/en\/#\/schema\/person\/image\/\",\"url\":\"https:\/\/secure.gravatar.com\/avatar\/387b6c5e090bab726a1005972a5ea0ee4379de00183541bd6a2bf776cd46d622?s=96&d=mm&r=g\",\"contentUrl\":\"https:\/\/secure.gravatar.com\/avatar\/387b6c5e090bab726a1005972a5ea0ee4379de00183541bd6a2bf776cd46d622?s=96&d=mm&r=g\",\"caption\":\"Ana\"}}]}<\/script>\n<!-- \/ Yoast SEO plugin. -->","yoast_head_json":{"title":"\u010co nav\u0161t\u00edvi\u0165 v septembri a okt\u00f3bri - TRAVEL BLOG","robots":{"index":"index","follow":"follow","max-snippet":"max-snippet:-1","max-image-preview":"max-image-preview:large","max-video-preview":"max-video-preview:-1"},"canonical":"https:\/\/www.adriagate.com\/blog\/en\/co-navstivit-v-septembri-a-oktobri\/","og_locale":"en_US","og_type":"article","og_title":"\u010co nav\u0161t\u00edvi\u0165 v septembri a okt\u00f3bri - TRAVEL BLOG","og_description":"Hoci sez\u00f3na sa pomaly bl\u00ed\u017ei ku koncu, neznamen\u00e1 to, \u017ee dovolenka a z\u00e1bava by sa mali zastavi\u0165. Naopak, prich\u00e1dza obdobie roka, ktor\u00e9 je ide\u00e1lne pre akt\u00edvny oddych v pr\u00edrode, \u010derstv\u00fd vzduch, z\u00fa\u010dastnenia sa \u00a0r\u00f4znych festivaloch a\u00a0ve\u013etrhov. \u00a0Hor\u00face letn\u00e9 dni zohriali more do pr\u00edjemnej teploty, a\u00a0sme si ist\u00ed, \u017ee v\u00e1m zabezpe\u010d\u00ed ve\u013emi dobr\u00e9 podmienky na pl\u00e1vanie [&hellip;]","og_url":"https:\/\/blog1.adriagate.com\/sk\/co-navstivit-v-septembri-a-oktobri\/","og_site_name":"TRAVEL BLOG","article_published_time":"2018-09-24T06:47:20+00:00","og_image":[{"width":1700,"height":789,"url":"https:\/\/blog1.adriagate.com\/wp-content\/uploads\/2018\/09\/0_Glavna_sk.jpg","type":"image\/jpeg"}],"author":"Ana","twitter_card":"summary_large_image","twitter_misc":{"Written by":"Ana","Est. reading time":"6 minutes"},"schema":{"@context":"https:\/\/schema.org","@graph":[{"@type":"WebPage","@id":"https:\/\/blog1.adriagate.com\/sk\/co-navstivit-v-septembri-a-oktobri\/","url":"https:\/\/blog1.adriagate.com\/sk\/co-navstivit-v-septembri-a-oktobri\/","name":"\u010co nav\u0161t\u00edvi\u0165 v septembri a okt\u00f3bri - TRAVEL BLOG","isPartOf":{"@id":"https:\/\/blog1.adriagate.com\/en\/#website"},"datePublished":"2018-09-24T06:47:20+00:00","dateModified":"2018-09-24T06:47:20+00:00","author":{"@id":"https:\/\/blog1.adriagate.com\/en\/#\/schema\/person\/6c240e3c1497e2d30b865edeae5742eb"},"breadcrumb":{"@id":"https:\/\/blog1.adriagate.com\/sk\/co-navstivit-v-septembri-a-oktobri\/#breadcrumb"},"inLanguage":"en-US","potentialAction":[{"@type":"ReadAction","target":["https:\/\/blog1.adriagate.com\/sk\/co-navstivit-v-septembri-a-oktobri\/"]}]},{"@type":"BreadcrumbList","@id":"https:\/\/blog1.adriagate.com\/sk\/co-navstivit-v-septembri-a-oktobri\/#breadcrumb","itemListElement":[{"@type":"ListItem","position":1,"name":"Home","item":"https:\/\/blog1.adriagate.com\/en\/"},{"@type":"ListItem","position":2,"name":"\u010co nav\u0161t\u00edvi\u0165 v septembri a okt\u00f3bri"}]},{"@type":"WebSite","@id":"https:\/\/blog1.adriagate.com\/en\/#website","url":"https:\/\/blog1.adriagate.com\/en\/","name":"TRAVEL BLOG","description":"Powered by Adriagate","potentialAction":[{"@type":"SearchAction","target":{"@type":"EntryPoint","urlTemplate":"https:\/\/blog1.adriagate.com\/en\/?s={search_term_string}"},"query-input":"required name=search_term_string"}],"inLanguage":"en-US"},{"@type":"Person","@id":"https:\/\/blog1.adriagate.com\/en\/#\/schema\/person\/6c240e3c1497e2d30b865edeae5742eb","name":"Ana","image":{"@type":"ImageObject","inLanguage":"en-US","@id":"https:\/\/blog1.adriagate.com\/en\/#\/schema\/person\/image\/","url":"https:\/\/secure.gravatar.com\/avatar\/387b6c5e090bab726a1005972a5ea0ee4379de00183541bd6a2bf776cd46d622?s=96&d=mm&r=g","contentUrl":"https:\/\/secure.gravatar.com\/avatar\/387b6c5e090bab726a1005972a5ea0ee4379de00183541bd6a2bf776cd46d622?s=96&d=mm&r=g","caption":"Ana"}}]}},"_links":{"self":[{"href":"https:\/\/blog1.adriagate.com\/wp-json\/wp\/v2\/posts\/7006","targetHints":{"allow":["GET"]}}],"collection":[{"href":"https:\/\/blog1.adriagate.com\/wp-json\/wp\/v2\/posts"}],"about":[{"href":"https:\/\/blog1.adriagate.com\/wp-json\/wp\/v2\/types\/post"}],"author":[{"embeddable":true,"href":"https:\/\/blog1.adriagate.com\/wp-json\/wp\/v2\/users\/2"}],"replies":[{"embeddable":true,"href":"https:\/\/blog1.adriagate.com\/wp-json\/wp\/v2\/comments?post=7006"}],"version-history":[{"count":3,"href":"https:\/\/blog1.adriagate.com\/wp-json\/wp\/v2\/posts\/7006\/revisions"}],"predecessor-version":[{"id":7022,"href":"https:\/\/blog1.adriagate.com\/wp-json\/wp\/v2\/posts\/7006\/revisions\/7022"}],"wp:featuredmedia":[{"embeddable":true,"href":"https:\/\/blog1.adriagate.com\/wp-json\/wp\/v2\/media\/7007"}],"wp:attachment":[{"href":"https:\/\/blog1.adriagate.com\/wp-json\/wp\/v2\/media?parent=7006"}],"wp:term":[{"taxonomy":"category","embeddable":true,"href":"https:\/\/blog1.adriagate.com\/wp-json\/wp\/v2\/categories?post=7006"},{"taxonomy":"post_tag","embeddable":true,"href":"https:\/\/blog1.adriagate.com\/wp-json\/wp\/v2\/tags?post=7006"}],"curies":[{"name":"wp","href":"https:\/\/api.w.org\/{rel}","templated":true}]}}