{"id":2744,"date":"2010-12-28T23:00:00","date_gmt":"2010-12-28T23:00:00","guid":{"rendered":"https:\/http:\/\/blog1.adriagate.com.adriagate.comhttp:\/\/blog1.adriagate.comhttp:\/\/blog1.adriagate.com\/uncategorized-sk\/vianoce-v-splite\/"},"modified":"2010-12-28T23:00:00","modified_gmt":"2010-12-28T23:00:00","slug":"vianoce-v-splite","status":"publish","type":"post","link":"https:\/\/blog1.adriagate.com\/sk\/vianoce-v-splite\/","title":{"rendered":"Vianoce v Splite"},"content":{"rendered":"<p><span style=\"font-size: small;\"><span style=\"font-family: verdana,geneva;\">Predviano\u010dn&eacute; dni ma v\u017edy vr&aacute;tia do detsk&yacute;ch \u010dias a spomienky na biele Vianoce mi vyk&uacute;zlia &uacute;smev na tv&aacute;ri. Aj ke\u010f som si u\u017e&iacute;vala atmosf&eacute;ru bielej krajiny a s rados\u0165ou sledovala cez okno snehov&eacute; vlo\u010dky, v duchu som \u010dasto prem&yacute;&scaron;\u013eala ako asi vyzeraj&uacute; Vianoce v tepl&yacute;ch krajin&aacute;ch na pobre\u017e&iacute; mora.&nbsp; Dnes po dvan&aacute;stich str&aacute;ven&yacute;ch Vianociach pri mori m&ocirc;\u017eem skon&scaron;tatova\u0165, \u017ee ani jedny neboli biele. Ale aj napriek tomu si niektor&iacute; dom&aacute;ci spom&iacute;naj&uacute; ako sa ob\u010das snehov&aacute; vlo\u010dka zat&uacute;\u013eala po\u010das t&yacute;chto \u010darovn&yacute;ch sviatkov aj sem, do Splitu. Niekedy mi naozaj ch&yacute;ba prav&aacute; zima&nbsp; a ju\u017en&yacute; vietor na dobrej n&aacute;lade neprid&aacute;, ale napriek v&scaron;etk&eacute;mu&nbsp; prech&aacute;dzka po pl&aacute;\u017ei, osamel&aacute; lo\u010f na mori \u010di v&ocirc;\u0148a mora dod&aacute;vaj&uacute; Vianociam pri mori zvl&aacute;&scaron;tne \u010daro.<br \/><\/span><\/span><\/p>\n<p><img decoding=\"async\" src=\"\/wp-content\/uploads\/2017\/10\/split1.jpg\" alt=\"Vianoce v Splite Chorv&aacute;tsko Adriagate.com\" width=\"600\"><\/p>\n<p><span style=\"font-size: small;\"><span style=\"font-family: verdana,geneva;\">K&yacute;m sa v&auml;\u010d&scaron;ina \u013eud&iacute; nah&aacute;\u0148a po obchodn&yacute;ch centr&aacute;ch, aby k&uacute;pili svojim najbli\u017e&scaron;&iacute;m \u010do najkraj&scaron;&iacute; a najorigin&aacute;lnej&scaron;&iacute; dar\u010dek, ja si z vol&iacute;m viano\u010dn&eacute; trhy v centre Splita. Tu c&iacute;tim zvl&aacute;&scaron;tne teplo Vianoc. Na rozdiel od atmosf&eacute;ry v obchodn&yacute;ch centr&aacute;ch, ktor&eacute; ma unavia zhonom, stresom a klamliv&yacute;m leskom, v centre mesta i na viano\u010dn&yacute;ch trhoch vl&aacute;dne pokoj, tu si v\u017edy uvedom&iacute;m hodnotu Vianoc. Okrem prekr&aacute;sne ozdoben&yacute;ch ul&iacute;c, viano\u010dn&eacute; trhy na promen&aacute;de s&uacute; in&eacute; ako po roky minul&eacute;. V sedemn&aacute;stich replik&aacute;ch kamenn&yacute;ch domkov v&aacute;m&nbsp; vystavovatelia pon&uacute;kaj&uacute; r&ocirc;zne <\/span><\/span><\/p>\n<p><span style=\"font-size: small;\"><span style=\"font-family: verdana,geneva;\">gastronomick&eacute; &scaron;peciality, ekov&yacute;robky, marmel&aacute;dy, v&iacute;na, lik&eacute;ry, ale nech&yacute;ba ani mno\u017estvo in&yacute;ch dar\u010dekov, ako s&uacute; kvety, knihy, \u010di dar\u010deky z pr&iacute;rody&#8230;<\/p>\n<p>Najviac ma zaujali ru\u010dne vyroben&eacute; dielka z keramiky, vy&scaron;&iacute;van&eacute; obrusy, dom&aacute;ce kol&aacute;\u010de, \u010di n&aacute;poje&#8230; to v&scaron;etko je d&ocirc;kaz toho, \u017ee aj v dne&scaron;nej zmodernizovanej dobe, \u010dlovek vlastn&yacute;mi rukami dok&aacute;\u017ee vytvori\u0165 ve\u013ea vec&iacute;. Preto som sa toho roku rozhodla, \u017ee dar\u010deky pre mojich najbli\u017e&scaron;&iacute;ch bud&uacute; jedine\u010dn&eacute; a origin&aacute;lne, z dielne dom&aacute;cich majstrov.<\/p>\n<p>Splitsk&yacute; trh je pln&yacute; \u013eud&iacute;, vravy, v mno\u017estve st&aacute;nkov v&aacute;m pon&uacute;kaj&uacute; mrkvu, &scaron;pen&aacute;t, dom&aacute;cu slaninu, &uacute;deniny, mlad&yacute; kravsk&yacute; syr, med, rakiju, orechy a mandle, su&scaron;en&yacute; <\/span><\/span><\/p>\n<p><span style=\"font-size: small;\"><span style=\"font-family: verdana,geneva;\">bakal&aacute;r ( tradi\u010dn&aacute; ryba, ktor&aacute; nesmie ch&yacute;ba\u0165 ani na jednom viano\u010dnom stole). Aj ke\u010f v&aacute;m pon&uacute;kaj&uacute; predava\u010di v&yacute;robky ako dom&aacute;ce, nie v\u017edy tomu tak je. Ale skuto\u010dne dom&aacute;ca je tam atmosf&eacute;ra. T&uacute; nik sfal&scaron;ova\u0165 nedok&aacute;\u017ee. M&ocirc;\u017eete tu k&uacute;pi\u0165 viano\u010dn&eacute; strom\u010deky, machovinu, zasiatu p&scaron;enicu, ru\u010dne vyroben&yacute; betlehem&#8230;v&scaron;etko s&uacute; to mali\u010dkosti oproti tomu, \u010do v&aacute;m pon&uacute;kaj&uacute; obchodn&eacute; centr&aacute;, ale pr&iacute;tomnos\u0165 na viano\u010dn&yacute;ch trhoch v centre mesta, v&aacute;m dod&aacute; neop&iacute;sate\u013en&uacute; rados\u0165&nbsp; a energiu.<\/p>\n<p>&nbsp;<\/span><\/span><\/p>\n<p>&nbsp;<\/p>\n<p><span style=\"font-size: small;\"><span style=\"font-family: verdana,geneva;\"><a href=\"\/\/www.adriagate.comhttp:\/\/blog1.adriagate.com\/sk\/page\/Mirjana-Jovanovic.aspx\"><em><strong>Mirjana Jovanovi\u0107<\/strong><\/em><\/a><\/span><\/span><\/p>\n<p>&nbsp;<\/p>\n<p>&nbsp;<\/p>\n","protected":false},"excerpt":{"rendered":"<p>Predviano\u010dn&eacute; dni ma v\u017edy vr&aacute;tia do detsk&yacute;ch \u010dias a spomienky na biele Vianoce mi vyk&uacute;zlia &uacute;smev na tv&aacute;ri. Aj ke\u010f som si u\u017e&iacute;vala atmosf&eacute;ru bielej krajiny a s rados\u0165ou sledovala cez okno snehov&eacute; vlo\u010dky, v duchu som \u010dasto prem&yacute;&scaron;\u013eala ako asi vyzeraj&uacute; Vianoce v tepl&yacute;ch krajin&aacute;ch na pobre\u017e&iacute; mora.&nbsp; Dnes po dvan&aacute;stich str&aacute;ven&yacute;ch Vianociach pri [&hellip;]<\/p>\n","protected":false},"author":3,"featured_media":1782,"comment_status":"open","ping_status":"open","sticky":false,"template":"","format":"standard","meta":{"footnotes":""},"categories":[13,19],"tags":[],"class_list":{"0":"post-2744","1":"post","2":"type-post","3":"status-publish","4":"format-standard","5":"has-post-thumbnail","7":"category-culture-tradition","8":"category-tips-ideas"},"yoast_head":"<!-- This site is optimized with the Yoast SEO plugin v20.4 - https:\/\/yoast.com\/wordpress\/plugins\/seo\/ -->\n<title>Vianoce v Splite - TRAVEL BLOG<\/title>\n<meta name=\"description\" content=\"Predviano\u010dn&eacute; dni ma v\u017edy vr&aacute;tia do detsk&yacute;ch \u010dias a spomienky na biele Vianoce mi vyk&uacute;zlia &uacute;smev na tv&aacute;ri. Aj...\" \/>\n<meta name=\"robots\" content=\"index, follow, max-snippet:-1, max-image-preview:large, max-video-preview:-1\" \/>\n<link rel=\"canonical\" href=\"https:\/\/www.adriagate.com\/blog\/en\/vianoce-v-splite\/\" \/>\n<meta property=\"og:locale\" content=\"en_US\" \/>\n<meta property=\"og:type\" content=\"article\" \/>\n<meta property=\"og:title\" content=\"Vianoce v Splite - TRAVEL BLOG\" \/>\n<meta property=\"og:description\" content=\"Predviano\u010dn&eacute; dni ma v\u017edy vr&aacute;tia do detsk&yacute;ch \u010dias a spomienky na biele Vianoce mi vyk&uacute;zlia &uacute;smev na tv&aacute;ri. Aj...\" \/>\n<meta property=\"og:url\" content=\"https:\/\/blog1.adriagate.com\/sk\/vianoce-v-splite\/\" \/>\n<meta property=\"og:site_name\" content=\"TRAVEL BLOG\" \/>\n<meta property=\"article:published_time\" content=\"2010-12-28T23:00:00+00:00\" \/>\n<meta property=\"og:image\" content=\"https:\/\/blog1.adriagate.com\/wp-content\/uploads\/2017\/10\/split1-9.jpg\" \/>\n\t<meta property=\"og:image:width\" content=\"800\" \/>\n\t<meta property=\"og:image:height\" content=\"600\" \/>\n\t<meta property=\"og:image:type\" content=\"image\/jpeg\" \/>\n<meta name=\"author\" content=\"Mirjana\" \/>\n<meta name=\"twitter:card\" content=\"summary_large_image\" \/>\n<meta name=\"twitter:label1\" content=\"Written by\" \/>\n\t<meta name=\"twitter:data1\" content=\"Mirjana\" \/>\n\t<meta name=\"twitter:label2\" content=\"Est. reading time\" \/>\n\t<meta name=\"twitter:data2\" content=\"3 minutes\" \/>\n<script type=\"application\/ld+json\" class=\"yoast-schema-graph\">{\"@context\":\"https:\/\/schema.org\",\"@graph\":[{\"@type\":\"WebPage\",\"@id\":\"https:\/\/blog1.adriagate.com\/sk\/vianoce-v-splite\/\",\"url\":\"https:\/\/blog1.adriagate.com\/sk\/vianoce-v-splite\/\",\"name\":\"Vianoce v Splite - TRAVEL BLOG\",\"isPartOf\":{\"@id\":\"https:\/\/blog1.adriagate.com\/en\/#website\"},\"datePublished\":\"2010-12-28T23:00:00+00:00\",\"dateModified\":\"2010-12-28T23:00:00+00:00\",\"author\":{\"@id\":\"https:\/\/blog1.adriagate.com\/en\/#\/schema\/person\/76d120adf611337b49e490f1ffba1392\"},\"description\":\"Predviano\u010dn&eacute; dni ma v\u017edy vr&aacute;tia do detsk&yacute;ch \u010dias a spomienky na biele Vianoce mi vyk&uacute;zlia &uacute;smev na tv&aacute;ri. Aj...\",\"breadcrumb\":{\"@id\":\"https:\/\/blog1.adriagate.com\/sk\/vianoce-v-splite\/#breadcrumb\"},\"inLanguage\":\"en-US\",\"potentialAction\":[{\"@type\":\"ReadAction\",\"target\":[\"https:\/\/blog1.adriagate.com\/sk\/vianoce-v-splite\/\"]}]},{\"@type\":\"BreadcrumbList\",\"@id\":\"https:\/\/blog1.adriagate.com\/sk\/vianoce-v-splite\/#breadcrumb\",\"itemListElement\":[{\"@type\":\"ListItem\",\"position\":1,\"name\":\"Home\",\"item\":\"https:\/\/blog1.adriagate.com\/en\/\"},{\"@type\":\"ListItem\",\"position\":2,\"name\":\"Vianoce v Splite\"}]},{\"@type\":\"WebSite\",\"@id\":\"https:\/\/blog1.adriagate.com\/en\/#website\",\"url\":\"https:\/\/blog1.adriagate.com\/en\/\",\"name\":\"TRAVEL BLOG\",\"description\":\"Powered by Adriagate\",\"potentialAction\":[{\"@type\":\"SearchAction\",\"target\":{\"@type\":\"EntryPoint\",\"urlTemplate\":\"https:\/\/blog1.adriagate.com\/en\/?s={search_term_string}\"},\"query-input\":\"required name=search_term_string\"}],\"inLanguage\":\"en-US\"},{\"@type\":\"Person\",\"@id\":\"https:\/\/blog1.adriagate.com\/en\/#\/schema\/person\/76d120adf611337b49e490f1ffba1392\",\"name\":\"Mirjana\",\"image\":{\"@type\":\"ImageObject\",\"inLanguage\":\"en-US\",\"@id\":\"https:\/\/blog1.adriagate.com\/en\/#\/schema\/person\/image\/\",\"url\":\"https:\/\/secure.gravatar.com\/avatar\/c06c79bd5452d034085f89d3349c1ca97c87aa6c0f0ba38baca1f485e7581ed3?s=96&d=mm&r=g\",\"contentUrl\":\"https:\/\/secure.gravatar.com\/avatar\/c06c79bd5452d034085f89d3349c1ca97c87aa6c0f0ba38baca1f485e7581ed3?s=96&d=mm&r=g\",\"caption\":\"Mirjana\"}}]}<\/script>\n<!-- \/ Yoast SEO plugin. -->","yoast_head_json":{"title":"Vianoce v Splite - TRAVEL BLOG","description":"Predviano\u010dn&eacute; dni ma v\u017edy vr&aacute;tia do detsk&yacute;ch \u010dias a spomienky na biele Vianoce mi vyk&uacute;zlia &uacute;smev na tv&aacute;ri. Aj...","robots":{"index":"index","follow":"follow","max-snippet":"max-snippet:-1","max-image-preview":"max-image-preview:large","max-video-preview":"max-video-preview:-1"},"canonical":"https:\/\/www.adriagate.com\/blog\/en\/vianoce-v-splite\/","og_locale":"en_US","og_type":"article","og_title":"Vianoce v Splite - TRAVEL BLOG","og_description":"Predviano\u010dn&eacute; dni ma v\u017edy vr&aacute;tia do detsk&yacute;ch \u010dias a spomienky na biele Vianoce mi vyk&uacute;zlia &uacute;smev na tv&aacute;ri. Aj...","og_url":"https:\/\/blog1.adriagate.com\/sk\/vianoce-v-splite\/","og_site_name":"TRAVEL BLOG","article_published_time":"2010-12-28T23:00:00+00:00","og_image":[{"width":800,"height":600,"url":"https:\/\/blog1.adriagate.com\/wp-content\/uploads\/2017\/10\/split1-9.jpg","type":"image\/jpeg"}],"author":"Mirjana","twitter_card":"summary_large_image","twitter_misc":{"Written by":"Mirjana","Est. reading time":"3 minutes"},"schema":{"@context":"https:\/\/schema.org","@graph":[{"@type":"WebPage","@id":"https:\/\/blog1.adriagate.com\/sk\/vianoce-v-splite\/","url":"https:\/\/blog1.adriagate.com\/sk\/vianoce-v-splite\/","name":"Vianoce v Splite - TRAVEL BLOG","isPartOf":{"@id":"https:\/\/blog1.adriagate.com\/en\/#website"},"datePublished":"2010-12-28T23:00:00+00:00","dateModified":"2010-12-28T23:00:00+00:00","author":{"@id":"https:\/\/blog1.adriagate.com\/en\/#\/schema\/person\/76d120adf611337b49e490f1ffba1392"},"description":"Predviano\u010dn&eacute; dni ma v\u017edy vr&aacute;tia do detsk&yacute;ch \u010dias a spomienky na biele Vianoce mi vyk&uacute;zlia &uacute;smev na tv&aacute;ri. Aj...","breadcrumb":{"@id":"https:\/\/blog1.adriagate.com\/sk\/vianoce-v-splite\/#breadcrumb"},"inLanguage":"en-US","potentialAction":[{"@type":"ReadAction","target":["https:\/\/blog1.adriagate.com\/sk\/vianoce-v-splite\/"]}]},{"@type":"BreadcrumbList","@id":"https:\/\/blog1.adriagate.com\/sk\/vianoce-v-splite\/#breadcrumb","itemListElement":[{"@type":"ListItem","position":1,"name":"Home","item":"https:\/\/blog1.adriagate.com\/en\/"},{"@type":"ListItem","position":2,"name":"Vianoce v Splite"}]},{"@type":"WebSite","@id":"https:\/\/blog1.adriagate.com\/en\/#website","url":"https:\/\/blog1.adriagate.com\/en\/","name":"TRAVEL BLOG","description":"Powered by Adriagate","potentialAction":[{"@type":"SearchAction","target":{"@type":"EntryPoint","urlTemplate":"https:\/\/blog1.adriagate.com\/en\/?s={search_term_string}"},"query-input":"required name=search_term_string"}],"inLanguage":"en-US"},{"@type":"Person","@id":"https:\/\/blog1.adriagate.com\/en\/#\/schema\/person\/76d120adf611337b49e490f1ffba1392","name":"Mirjana","image":{"@type":"ImageObject","inLanguage":"en-US","@id":"https:\/\/blog1.adriagate.com\/en\/#\/schema\/person\/image\/","url":"https:\/\/secure.gravatar.com\/avatar\/c06c79bd5452d034085f89d3349c1ca97c87aa6c0f0ba38baca1f485e7581ed3?s=96&d=mm&r=g","contentUrl":"https:\/\/secure.gravatar.com\/avatar\/c06c79bd5452d034085f89d3349c1ca97c87aa6c0f0ba38baca1f485e7581ed3?s=96&d=mm&r=g","caption":"Mirjana"}}]}},"_links":{"self":[{"href":"https:\/\/blog1.adriagate.com\/wp-json\/wp\/v2\/posts\/2744","targetHints":{"allow":["GET"]}}],"collection":[{"href":"https:\/\/blog1.adriagate.com\/wp-json\/wp\/v2\/posts"}],"about":[{"href":"https:\/\/blog1.adriagate.com\/wp-json\/wp\/v2\/types\/post"}],"author":[{"embeddable":true,"href":"https:\/\/blog1.adriagate.com\/wp-json\/wp\/v2\/users\/3"}],"replies":[{"embeddable":true,"href":"https:\/\/blog1.adriagate.com\/wp-json\/wp\/v2\/comments?post=2744"}],"version-history":[{"count":0,"href":"https:\/\/blog1.adriagate.com\/wp-json\/wp\/v2\/posts\/2744\/revisions"}],"wp:featuredmedia":[{"embeddable":true,"href":"https:\/\/blog1.adriagate.com\/wp-json\/wp\/v2\/media\/1782"}],"wp:attachment":[{"href":"https:\/\/blog1.adriagate.com\/wp-json\/wp\/v2\/media?parent=2744"}],"wp:term":[{"taxonomy":"category","embeddable":true,"href":"https:\/\/blog1.adriagate.com\/wp-json\/wp\/v2\/categories?post=2744"},{"taxonomy":"post_tag","embeddable":true,"href":"https:\/\/blog1.adriagate.com\/wp-json\/wp\/v2\/tags?post=2744"}],"curies":[{"name":"wp","href":"https:\/\/api.w.org\/{rel}","templated":true}]}}