{"id":2536,"date":"2013-06-11T09:53:00","date_gmt":"2013-06-11T09:53:00","guid":{"rendered":"https:\/http:\/\/blog1.adriagate.com.adriagate.comhttp:\/\/blog1.adriagate.comhttp:\/\/blog1.adriagate.com\/uncategorized-hu\/vizum-horvatorszagba\/"},"modified":"2018-05-28T13:26:30","modified_gmt":"2018-05-28T13:26:30","slug":"vizum-horvatorszagba","status":"publish","type":"post","link":"https:\/\/blog1.adriagate.com\/hu\/vizum-horvatorszagba\/","title":{"rendered":"V\u00edzum Horv\u00e1torsz\u00e1gba \u2013 bel\u00e9p\u00e9s az EU-ba"},"content":{"rendered":"<p><strong>Eur\u00f3pai Uni\u00f3s<\/strong> bel\u00e9p\u00e9s\u00e9vel <a title=\"Horv\u00e1torsz\u00e1g apartmanok, szob\u00e1k \u00e9s nyaral\u00f3h\u00e1zak\" href=\"\/\/www.adriagate.com\/Horvatorszag-hu\/Szallasok-Horvatorszag\">Horv\u00e1torsz\u00e1gnak <\/a>\u00e1prilis 1-j\u00e9t\u0151l teljes m\u00e9rt\u00e9kben alkalmazkodnia kell az Uni\u00f3 v\u00edzum t\u00f6rv\u00e9nyeihez. Ez azt jelenti, hogy \u00e1prilis 1-j\u00e9t\u0151l minden olyan orsz\u00e1g polg\u00e1r\u00e1nak, amely nem tagja az EU-nak, v\u00edzumra van sz\u00fcks\u00e9ge horv\u00e1torsz\u00e1gi l\u00e1togat\u00e1s vagy \u00e1tutaz\u00e1s sor\u00e1n. A korm\u00e1ny d\u00f6nt\u00e9se alapj\u00e1n 2013. m\u00e1jus 16-t\u00f3l az \u00e9rv\u00e9nyes schengeni enged\u00e9llyel rendelkez\u0151 k\u00fclf\u00f6ldiek 2013. december 31-ig v\u00edzum n\u00e9lk\u00fcl l\u00e9phetnek Horv\u00e1torsz\u00e1gba r\u00f6vid tart\u00f3zkod\u00e1s, illetve \u00e1tutaz\u00e1s c\u00e9lj\u00e1b\u00f3l.<\/p>\n<p>A horv\u00e1torsz\u00e1gi turizmus sz\u00e1m\u00e1ra fontos orosz, illetve az egyre n\u00f6vekv\u0151 sz\u00e1m\u00fa ukr\u00e1n \u00e9s t\u00f6r\u00f6k vend\u00e9gek miatt a horv\u00e1t korm\u00e1ny mindent megtesz, hogy a v\u00edzum megszerz\u00e9se min\u00e9l egyszer\u0171bb legyen. Ennek k\u00f6sz\u00f6nhet\u0151en Oroszorsz\u00e1g 18 v\u00e1ros\u00e1ban 18 v\u00edzum k\u00f6zpont ny\u00edlik, \u00e9s hasonl\u00f3 el\u0151k\u00e9sz\u00fcletek vannak folyamatban Kijev \u00e9s Ankara nagyk\u00f6vets\u00e9gein, valamint az isztambuli f\u0151konzul\u00e1tuson.<\/p>\n<p>Mindezek mellett a Horv\u00e1torsz\u00e1gba val\u00f3 bel\u00e9p\u00e9shez nagyon r\u00f6vid hat\u00e1rid\u0151n bel\u00fcl ker\u00fclnek kiad\u00e1sra a v\u00edzumok (a k\u00e9rv\u00e9ny beny\u00fajt\u00e1s\u00e1t\u00f3l sz\u00e1m\u00edtott legfeljebb \u00f6t napon bel\u00fcl),\u00e9s lehet\u0151s\u00e9g van t\u00f6bbsz\u00f6ri bel\u00e9p\u00e9sre jogos\u00edt\u00f3 v\u00edzum kiad\u00e1s\u00e1ra. A v\u00edzum d\u00edja tov\u00e1bbra is 35 \u20ac marad.<\/p>\n<h2><span style=\"color: #333333;\"><strong>A v\u00edzum k\u00e9rv\u00e9nyhez sz\u00fcks\u00e9ges:<\/strong><\/span><\/h2>\n<ul>\n<li>\u00e9rv\u00e9nyes \u00fati okm\u00e1ny<\/li>\n<li>\u00a0egy darab 35&#215;45 mm nagys\u00e1g\u00fa sz\u00ednes igazolv\u00e1nyk\u00e9p<\/li>\n<li>\u00e9rv\u00e9nyes utasbiztos\u00edt\u00e1st igazol\u00f3 dokumentum<\/li>\n<li>v\u00edzumd\u00edj befizet\u00e9s\u00e9nek igazol\u00e1sa<\/li>\n<li>az al\u00e1bbiakat igazol\u00f3 dokumentumok:<br \/>\n&#8211; o horv\u00e1torsz\u00e1gi tart\u00f3zkod\u00e1s c\u00e9lja,<br \/>\n&#8211; o biztos\u00edtott sz\u00e1ll\u00e1shely,<br \/>\n&#8211; o a horv\u00e1torsz\u00e1gi tart\u00f3zkod\u00e1shoz \u00e9s a hazat\u00e9r\u00e9shez\/m\u00e1sik orsz\u00e1gba val\u00f3 utaz\u00e1shoz sz\u00fcks\u00e9ges anyagi fedezet biztos\u00edt\u00e1sa,<br \/>\n&#8211; o k\u00f6zleked\u00e9si eszk\u00f6z, \u00e9s a sz\u00fcl\u0151orsz\u00e1gba val\u00f3 visszat\u00e9r\u00e9s sz\u00e1nd\u00e9k\u00e1t, illetve harmadik orsz\u00e1gba val\u00f3 bel\u00e9p\u00e9s lehet\u0151s\u00e9g\u00e9t igazol\u00f3 dokumentum<\/li>\n<\/ul>\n<p>Minden, a horv\u00e1t v\u00edzummal kapcsolatos k\u00e9rd\u00e9s\u00e9t a k\u00f6vetkez\u0151 e-mail c\u00edmre k\u00fcldheti: <a href=\"mailto:vize@blog1.adriagate.commvep.hr\">vize@blog1.adriagate.commvep.hr<\/a><\/p>\n<p>Forr\u00e1s: mvep.hr, poslovni.hr<\/p>\n","protected":false},"excerpt":{"rendered":"<p>Eur\u00f3pai Uni\u00f3s bel\u00e9p\u00e9s\u00e9vel Horv\u00e1torsz\u00e1gnak \u00e1prilis 1-j\u00e9t\u0151l teljes m\u00e9rt\u00e9kben alkalmazkodnia kell az Uni\u00f3 v\u00edzum t\u00f6rv\u00e9nyeihez. Ez azt jelenti, hogy \u00e1prilis 1-j\u00e9t\u0151l minden olyan orsz\u00e1g polg\u00e1r\u00e1nak, amely nem tagja az EU-nak, v\u00edzumra van sz\u00fcks\u00e9ge horv\u00e1torsz\u00e1gi l\u00e1togat\u00e1s vagy \u00e1tutaz\u00e1s sor\u00e1n. A korm\u00e1ny d\u00f6nt\u00e9se alapj\u00e1n 2013. m\u00e1jus 16-t\u00f3l az \u00e9rv\u00e9nyes schengeni enged\u00e9llyel rendelkez\u0151 k\u00fclf\u00f6ldiek 2013. december 31-ig v\u00edzum n\u00e9lk\u00fcl [&hellip;]<\/p>\n","protected":false},"author":2,"featured_media":5384,"comment_status":"closed","ping_status":"open","sticky":false,"template":"","format":"standard","meta":{"footnotes":""},"categories":[16],"tags":[],"class_list":{"0":"post-2536","1":"post","2":"type-post","3":"status-publish","4":"format-standard","5":"has-post-thumbnail","7":"category-news-events"},"yoast_head":"<!-- This site is optimized with the Yoast SEO plugin v20.4 - https:\/\/yoast.com\/wordpress\/plugins\/seo\/ -->\n<title>V\u00edzum Horv\u00e1torsz\u00e1gba \u2013 bel\u00e9p\u00e9s az EU-ba - TRAVEL BLOG<\/title>\n<meta name=\"description\" content=\"Eur\u00f3pai Uni\u00f3s bel\u00e9p\u00e9s\u00e9vel Horv\u00e1torsz\u00e1gnak \u00e1prilis 1-j\u00e9t\u0151l teljes m\u00e9rt\u00e9kben...\" \/>\n<meta name=\"robots\" content=\"index, follow, max-snippet:-1, max-image-preview:large, max-video-preview:-1\" \/>\n<link rel=\"canonical\" href=\"https:\/\/www.adriagate.com\/blog\/en\/vizum-horvatorszagba\/\" \/>\n<meta property=\"og:locale\" content=\"en_US\" \/>\n<meta property=\"og:type\" content=\"article\" \/>\n<meta property=\"og:title\" content=\"V\u00edzum Horv\u00e1torsz\u00e1gba \u2013 bel\u00e9p\u00e9s az EU-ba - TRAVEL BLOG\" \/>\n<meta property=\"og:description\" content=\"Eur\u00f3pai Uni\u00f3s bel\u00e9p\u00e9s\u00e9vel Horv\u00e1torsz\u00e1gnak \u00e1prilis 1-j\u00e9t\u0151l teljes m\u00e9rt\u00e9kben...\" \/>\n<meta property=\"og:url\" content=\"https:\/\/blog1.adriagate.com\/hu\/vizum-horvatorszagba\/\" \/>\n<meta property=\"og:site_name\" content=\"TRAVEL BLOG\" \/>\n<meta property=\"article:published_time\" content=\"2013-06-11T09:53:00+00:00\" \/>\n<meta property=\"article:modified_time\" content=\"2018-05-28T13:26:30+00:00\" \/>\n<meta property=\"og:image\" content=\"https:\/\/blog1.adriagate.com\/wp-content\/uploads\/2013\/06\/visa-min.jpg\" \/>\n\t<meta property=\"og:image:width\" content=\"1700\" \/>\n\t<meta property=\"og:image:height\" content=\"626\" \/>\n\t<meta property=\"og:image:type\" content=\"image\/jpeg\" \/>\n<meta name=\"author\" content=\"Ana\" \/>\n<meta name=\"twitter:card\" content=\"summary_large_image\" \/>\n<meta name=\"twitter:label1\" content=\"Written by\" \/>\n\t<meta name=\"twitter:data1\" content=\"Ana\" \/>\n\t<meta name=\"twitter:label2\" content=\"Est. reading time\" \/>\n\t<meta name=\"twitter:data2\" content=\"2 minutes\" \/>\n<script type=\"application\/ld+json\" class=\"yoast-schema-graph\">{\"@context\":\"https:\/\/schema.org\",\"@graph\":[{\"@type\":\"WebPage\",\"@id\":\"https:\/\/blog1.adriagate.com\/hu\/vizum-horvatorszagba\/\",\"url\":\"https:\/\/blog1.adriagate.com\/hu\/vizum-horvatorszagba\/\",\"name\":\"V\u00edzum Horv\u00e1torsz\u00e1gba \u2013 bel\u00e9p\u00e9s az EU-ba - TRAVEL BLOG\",\"isPartOf\":{\"@id\":\"https:\/\/blog1.adriagate.com\/en\/#website\"},\"datePublished\":\"2013-06-11T09:53:00+00:00\",\"dateModified\":\"2018-05-28T13:26:30+00:00\",\"author\":{\"@id\":\"https:\/\/blog1.adriagate.com\/en\/#\/schema\/person\/6c240e3c1497e2d30b865edeae5742eb\"},\"description\":\"Eur\u00f3pai Uni\u00f3s bel\u00e9p\u00e9s\u00e9vel Horv\u00e1torsz\u00e1gnak \u00e1prilis 1-j\u00e9t\u0151l teljes m\u00e9rt\u00e9kben...\",\"breadcrumb\":{\"@id\":\"https:\/\/blog1.adriagate.com\/hu\/vizum-horvatorszagba\/#breadcrumb\"},\"inLanguage\":\"en-US\",\"potentialAction\":[{\"@type\":\"ReadAction\",\"target\":[\"https:\/\/blog1.adriagate.com\/hu\/vizum-horvatorszagba\/\"]}]},{\"@type\":\"BreadcrumbList\",\"@id\":\"https:\/\/blog1.adriagate.com\/hu\/vizum-horvatorszagba\/#breadcrumb\",\"itemListElement\":[{\"@type\":\"ListItem\",\"position\":1,\"name\":\"Home\",\"item\":\"https:\/\/blog1.adriagate.com\/en\/\"},{\"@type\":\"ListItem\",\"position\":2,\"name\":\"V\u00edzum Horv\u00e1torsz\u00e1gba \u2013 bel\u00e9p\u00e9s az EU-ba\"}]},{\"@type\":\"WebSite\",\"@id\":\"https:\/\/blog1.adriagate.com\/en\/#website\",\"url\":\"https:\/\/blog1.adriagate.com\/en\/\",\"name\":\"TRAVEL BLOG\",\"description\":\"Powered by Adriagate\",\"potentialAction\":[{\"@type\":\"SearchAction\",\"target\":{\"@type\":\"EntryPoint\",\"urlTemplate\":\"https:\/\/blog1.adriagate.com\/en\/?s={search_term_string}\"},\"query-input\":\"required name=search_term_string\"}],\"inLanguage\":\"en-US\"},{\"@type\":\"Person\",\"@id\":\"https:\/\/blog1.adriagate.com\/en\/#\/schema\/person\/6c240e3c1497e2d30b865edeae5742eb\",\"name\":\"Ana\",\"image\":{\"@type\":\"ImageObject\",\"inLanguage\":\"en-US\",\"@id\":\"https:\/\/blog1.adriagate.com\/en\/#\/schema\/person\/image\/\",\"url\":\"https:\/\/secure.gravatar.com\/avatar\/387b6c5e090bab726a1005972a5ea0ee4379de00183541bd6a2bf776cd46d622?s=96&d=mm&r=g\",\"contentUrl\":\"https:\/\/secure.gravatar.com\/avatar\/387b6c5e090bab726a1005972a5ea0ee4379de00183541bd6a2bf776cd46d622?s=96&d=mm&r=g\",\"caption\":\"Ana\"}}]}<\/script>\n<!-- \/ Yoast SEO plugin. -->","yoast_head_json":{"title":"V\u00edzum Horv\u00e1torsz\u00e1gba \u2013 bel\u00e9p\u00e9s az EU-ba - TRAVEL BLOG","description":"Eur\u00f3pai Uni\u00f3s bel\u00e9p\u00e9s\u00e9vel Horv\u00e1torsz\u00e1gnak \u00e1prilis 1-j\u00e9t\u0151l teljes m\u00e9rt\u00e9kben...","robots":{"index":"index","follow":"follow","max-snippet":"max-snippet:-1","max-image-preview":"max-image-preview:large","max-video-preview":"max-video-preview:-1"},"canonical":"https:\/\/www.adriagate.com\/blog\/en\/vizum-horvatorszagba\/","og_locale":"en_US","og_type":"article","og_title":"V\u00edzum Horv\u00e1torsz\u00e1gba \u2013 bel\u00e9p\u00e9s az EU-ba - TRAVEL BLOG","og_description":"Eur\u00f3pai Uni\u00f3s bel\u00e9p\u00e9s\u00e9vel Horv\u00e1torsz\u00e1gnak \u00e1prilis 1-j\u00e9t\u0151l teljes m\u00e9rt\u00e9kben...","og_url":"https:\/\/blog1.adriagate.com\/hu\/vizum-horvatorszagba\/","og_site_name":"TRAVEL BLOG","article_published_time":"2013-06-11T09:53:00+00:00","article_modified_time":"2018-05-28T13:26:30+00:00","og_image":[{"width":1700,"height":626,"url":"https:\/\/blog1.adriagate.com\/wp-content\/uploads\/2013\/06\/visa-min.jpg","type":"image\/jpeg"}],"author":"Ana","twitter_card":"summary_large_image","twitter_misc":{"Written by":"Ana","Est. reading time":"2 minutes"},"schema":{"@context":"https:\/\/schema.org","@graph":[{"@type":"WebPage","@id":"https:\/\/blog1.adriagate.com\/hu\/vizum-horvatorszagba\/","url":"https:\/\/blog1.adriagate.com\/hu\/vizum-horvatorszagba\/","name":"V\u00edzum Horv\u00e1torsz\u00e1gba \u2013 bel\u00e9p\u00e9s az EU-ba - TRAVEL BLOG","isPartOf":{"@id":"https:\/\/blog1.adriagate.com\/en\/#website"},"datePublished":"2013-06-11T09:53:00+00:00","dateModified":"2018-05-28T13:26:30+00:00","author":{"@id":"https:\/\/blog1.adriagate.com\/en\/#\/schema\/person\/6c240e3c1497e2d30b865edeae5742eb"},"description":"Eur\u00f3pai Uni\u00f3s bel\u00e9p\u00e9s\u00e9vel Horv\u00e1torsz\u00e1gnak \u00e1prilis 1-j\u00e9t\u0151l teljes m\u00e9rt\u00e9kben...","breadcrumb":{"@id":"https:\/\/blog1.adriagate.com\/hu\/vizum-horvatorszagba\/#breadcrumb"},"inLanguage":"en-US","potentialAction":[{"@type":"ReadAction","target":["https:\/\/blog1.adriagate.com\/hu\/vizum-horvatorszagba\/"]}]},{"@type":"BreadcrumbList","@id":"https:\/\/blog1.adriagate.com\/hu\/vizum-horvatorszagba\/#breadcrumb","itemListElement":[{"@type":"ListItem","position":1,"name":"Home","item":"https:\/\/blog1.adriagate.com\/en\/"},{"@type":"ListItem","position":2,"name":"V\u00edzum Horv\u00e1torsz\u00e1gba \u2013 bel\u00e9p\u00e9s az EU-ba"}]},{"@type":"WebSite","@id":"https:\/\/blog1.adriagate.com\/en\/#website","url":"https:\/\/blog1.adriagate.com\/en\/","name":"TRAVEL BLOG","description":"Powered by Adriagate","potentialAction":[{"@type":"SearchAction","target":{"@type":"EntryPoint","urlTemplate":"https:\/\/blog1.adriagate.com\/en\/?s={search_term_string}"},"query-input":"required name=search_term_string"}],"inLanguage":"en-US"},{"@type":"Person","@id":"https:\/\/blog1.adriagate.com\/en\/#\/schema\/person\/6c240e3c1497e2d30b865edeae5742eb","name":"Ana","image":{"@type":"ImageObject","inLanguage":"en-US","@id":"https:\/\/blog1.adriagate.com\/en\/#\/schema\/person\/image\/","url":"https:\/\/secure.gravatar.com\/avatar\/387b6c5e090bab726a1005972a5ea0ee4379de00183541bd6a2bf776cd46d622?s=96&d=mm&r=g","contentUrl":"https:\/\/secure.gravatar.com\/avatar\/387b6c5e090bab726a1005972a5ea0ee4379de00183541bd6a2bf776cd46d622?s=96&d=mm&r=g","caption":"Ana"}}]}},"_links":{"self":[{"href":"https:\/\/blog1.adriagate.com\/wp-json\/wp\/v2\/posts\/2536","targetHints":{"allow":["GET"]}}],"collection":[{"href":"https:\/\/blog1.adriagate.com\/wp-json\/wp\/v2\/posts"}],"about":[{"href":"https:\/\/blog1.adriagate.com\/wp-json\/wp\/v2\/types\/post"}],"author":[{"embeddable":true,"href":"https:\/\/blog1.adriagate.com\/wp-json\/wp\/v2\/users\/2"}],"replies":[{"embeddable":true,"href":"https:\/\/blog1.adriagate.com\/wp-json\/wp\/v2\/comments?post=2536"}],"version-history":[{"count":2,"href":"https:\/\/blog1.adriagate.com\/wp-json\/wp\/v2\/posts\/2536\/revisions"}],"predecessor-version":[{"id":6425,"href":"https:\/\/blog1.adriagate.com\/wp-json\/wp\/v2\/posts\/2536\/revisions\/6425"}],"wp:featuredmedia":[{"embeddable":true,"href":"https:\/\/blog1.adriagate.com\/wp-json\/wp\/v2\/media\/5384"}],"wp:attachment":[{"href":"https:\/\/blog1.adriagate.com\/wp-json\/wp\/v2\/media?parent=2536"}],"wp:term":[{"taxonomy":"category","embeddable":true,"href":"https:\/\/blog1.adriagate.com\/wp-json\/wp\/v2\/categories?post=2536"},{"taxonomy":"post_tag","embeddable":true,"href":"https:\/\/blog1.adriagate.com\/wp-json\/wp\/v2\/tags?post=2536"}],"curies":[{"name":"wp","href":"https:\/\/api.w.org\/{rel}","templated":true}]}}