{"id":2517,"date":"2013-01-03T15:30:00","date_gmt":"2013-01-03T15:30:00","guid":{"rendered":"https:\/http:\/\/blog1.adriagate.com.adriagate.comhttp:\/\/blog1.adriagate.comhttp:\/\/blog1.adriagate.com\/uncategorized-hu\/vis\/"},"modified":"2018-06-13T12:30:25","modified_gmt":"2018-06-13T12:30:25","slug":"vis","status":"publish","type":"post","link":"https:\/\/blog1.adriagate.com\/hu\/vis\/","title":{"rendered":"Isten hozta a Vis szigeten"},"content":{"rendered":"<p><span style=\"font-family: verdana,geneva;\"><a href=\"\/\/www.adriagate.com\/Horvatorszag-hu\/Vis-Vis-sziget\"><strong>Vis<\/strong> <\/a>sziget\u00e9t a gy\u00f6ny\u00f6r\u0171 term\u00e9szet, a krist\u00e1lytiszta v\u00edz, sz\u00e1mos rejtett \u00f6b\u00f6l, kavicsos \u00e9s homokos partok jellemzik.\u00a0 <strong>Horv\u00e1torsz\u00e1g<\/strong> sz\u00e1razf\u00f6ldi r\u00e9sz\u00e9r\u0151l legmesszebb es\u0151 ny\u00edlt tengeren tal\u00e1lhat\u00f3 szigete. Ha <strong>Split<\/strong> fel\u0151l komppal \u00e9rkez\u00fcnk, akkor tal\u00e1n els\u0151re az \u00fati k\u00f6lts\u00e9g sokkol\u00f3 lehet, de ha elhagyjuk a kik\u00f6t\u0151t \u00e9s megl\u00e1tjuk a gy\u00f6ny\u00f6r\u0171 sziget partjait, akkor m\u00e1r\u00a0 egy\u00e9rtelm\u0171v\u00e9 v\u00e1lik, hogy\u00a0 ennek ellen\u00e9re meg\u00e9ri oda\u00a0 utazni.<\/span><\/p>\n<p><img decoding=\"async\" src=\"\/wp-content\/uploads\/2017\/10\/vis.JPG\" alt=\"\" width=\"600\" \/><\/p>\n<p style=\"text-align: justify;\"><span style=\"font-family: verdana,geneva;\"><strong>Vis<\/strong> szigetet a ny\u00edlt tenger veszi k\u00f6rbe, ami miatt az el\u00e9nk t\u00e1rul\u00f3 l\u00e1tv\u00e1ny kicsit m\u00e1sabb, k\u00fcl\u00f6nlegesebb, mint amit \u00e1ltal\u00e1ban megszoktunk. A f\u00fcrd\u0151z\u00e9s felejthetetlen \u00e9lm\u00e9ny, amit neh\u00e9z szavakkal elmondani, azt mindenk\u00e9ppen\u00a0 ki kell pr\u00f3b\u00e1lni! A rejtett \u00f6bl\u00f6k, a term\u00e9szet alkotta\u00a0 strandok, a b\u00e9ke \u00e9s a nyugalom o\u00e1zisa. Ezek k\u00f6z\u00fcl \u00e9rdemes kiemeln\u00fcnk <a href=\"\/\/www.adriagate.com\/Horvatorszag-hu\/Stoncica-strand-Horvatorszag\" target=\"_blank\" rel=\"noopener\"><strong>Ston\u010dica-t<\/strong><\/a>, mely homokos partj\u00e1r\u00f3l, tenger alatti vil\u00e1g\u00e1r\u00f3l \u00e9s mediterr\u00e1n n\u00f6v\u00e9nyeir\u0151l h\u00edres. E mellett aj\u00e1nljuk m\u00e9g a <a href=\"\/\/www.adriagate.com\/Horvatorszag-hu\/Srebrna-strand-Horvatorszag\" target=\"_blank\" rel=\"noopener\"><strong>Srebrna<\/strong><\/a>, <strong>Stiniva<\/strong> \u00f6bl\u00f6ket is! Tal\u00e1lja meg az \u00d6nnek legink\u00e1bb megfelel\u0151t! <strong>A szigeten tal\u00e1lhat\u00f3 tov\u00e1bbi strandokr\u00f3l a \u201eHorv\u00e1t strandok \u00fatikalauza\u201c <a href=\"\/\/www.adriagate.com\/Horvatorszag-hu\/Strandok-Horvatorszag\" target=\"_blank\" rel=\"noopener\">link\u00fcnk\u00f6n olvashat.\u00a0<\/a><\/strong><\/span><\/p>\n<p style=\"text-align: justify;\"><span style=\"font-family: verdana,geneva;\">H\u00edres term\u00e9szeti jelens\u00e9g a <strong>Vis <\/strong>t\u0151l 5 km-re, <strong>Bisevo<\/strong> szigeten tal\u00e1lhat\u00f3\u00a0 leny\u0171g\u00f6z\u0151 <strong>K\u00e9k Barlang (Modra Spilja)<\/strong>, mely kiz\u00e1r\u00f3lag haj\u00f3n k\u00f6zel\u00edthet\u0151 meg. A barlangnak k\u00e9t ny\u00edl\u00e1sa van, melyek a tengerszint alatt tal\u00e1lhat\u00f3ak \u00e9s a behatol\u00f3 f\u00e9nysugarak k\u00f6vetkezt\u00e9ben nyeri gy\u00f6ny\u00f6r\u0171 k\u00e9kes sz\u00edn\u00e9t.<\/span><\/p>\n<figure id=\"attachment_5408\" aria-describedby=\"caption-attachment-5408\" style=\"width: 600px\" class=\"wp-caption alignnone\"><img loading=\"lazy\" decoding=\"async\" class=\"wp-image-5408 size-full\" src=\"https:\/\/www.adriagate.comhttp:\/\/blog1.adriagate.com\/wp-content\/uploads\/2013\/01\/Blue-Cave-min-1.jpg\" alt=\"K\u00e9k Barlang (Modra Spilja) Bisevo\" width=\"600\" height=\"400\" srcset=\"https:\/\/blog1.adriagate.com\/wp-content\/uploads\/2013\/01\/Blue-Cave-min-1.jpg 600w, https:\/\/blog1.adriagate.com\/wp-content\/uploads\/2013\/01\/Blue-Cave-min-1-300x200.jpg 300w\" sizes=\"auto, (max-width: 600px) 100vw, 600px\" \/><figcaption id=\"caption-attachment-5408\" class=\"wp-caption-text\">K\u00e9k Barlang (Modra Spilja) Bisevo<\/figcaption><\/figure>\n<p><span style=\"font-family: verdana,geneva;\"><strong>Vis<\/strong> sziget gazdag t\u00f6rt\u00e9nelmi eml\u00e9kekben, sz\u00e1mos m\u0171eml\u00e9ket, renesz\u00e1nsz kori templomokat, vill\u00e1kat , r\u00f3mai kori\u00a0 f\u00fcrd\u0151maradv\u00e1nyokat tekinthetnek meg az ide\u00a0 l\u00e1togat\u00f3k. <\/span><\/p>\n<h2 style=\"text-align: left;\"><strong><span style=\"font-family: verdana,geneva;\">\u201eHorv\u00e1torsz\u00e1g top desztin\u00e1ci\u00f3t bemutat\u00f3 \u00fatikalauz\u201c k\u00f6nyv az al\u00e1bbi l\u00e1tnival\u00f3kat aj\u00e1nlja:<\/span><\/strong><\/h2>\n<ul style=\"text-align: justify;\">\n<li><strong>Issa \u0151si v\u00e1ros maradv\u00e1nyai\u00a0\u00a0\u00a0\u00a0\u00a0\u00a0\u00a0\u00a0\u00a0\u00a0\u00a0\u00a0\u00a0\u00a0\u00a0\u00a0\u00a0\u00a0\u00a0\u00a0\u00a0\u00a0\u00a0\u00a0\u00a0\u00a0\u00a0\u00a0\u00a0\u00a0\u00a0\u00a0\u00a0\u00a0\u00a0\u00a0\u00a0\u00a0\u00a0\u00a0\u00a0\u00a0\u00a0\u00a0\u00a0\u00a0\u00a0\u00a0\u00a0\u00a0\u00a0\u00a0\u00a0\u00a0\u00a0\u00a0\u00a0\u00a0\u00a0\u00a0\u00a0\u00a0\u00a0\u00a0\u00a0\u00a0\u00a0\u00a0\u00a0\u00a0\u00a0\u00a0\u00a0\u00a0\u00a0\u00a0\u00a0\u00a0\u00a0\u00a0\u00a0\u00a0\u00a0\u00a0\u00a0\u00a0<\/strong><\/li>\n<li><strong>Templomok \u00e9s monostorok<\/strong><\/li>\n<li><strong><span style=\"font-family: verdana,geneva;\">A horv\u00e1t nemesek ny\u00e1ri rezidenci\u00e1i<\/span><\/strong><\/li>\n<li><strong><span style=\"font-family: verdana,geneva;\">K\u00fcl\u00f6nb\u00f6z\u0151 t\u00f6rt\u00e9nelmi id\u0151kb\u0151l sz\u00e1rmaz\u00f3 er\u0151d\u00f6k<\/span><\/strong><\/li>\n<li><strong><span style=\"font-family: verdana,geneva;\">Vis v\u00e1ros r\u00e9g\u00e9szeti m\u00fazeuma<\/span><\/strong><\/li>\n<li><strong>Vugava sz\u0151l\u0151fajt\u00e1b\u00f3l k\u00e9sz\u00fclt bor( feh\u00e9r borfajta)\u00a0<\/strong><\/li>\n<li><strong><span style=\"font-family: verdana,geneva;\">F\u00f6ldalatti alagutak \u00e9s bunkerek\u00a0<\/span><\/strong><\/li>\n<li><strong><span style=\"font-family: verdana,geneva;\">Hib ( Vis-i specilait\u00e1s, sz\u00e1r\u00edtott f\u00fcg\u00e9b\u0151l k\u00e9sz\u00fclt k\u00f6r alak\u00fa \u00e9dess\u00e9g, melyet m\u00e9g bab\u00e9rlev\u00e9llel, rozmaringgal d\u00edsz\u00edtenek)<\/span><\/strong><\/li>\n<li><strong><span style=\"font-family: verdana,geneva;\">Kerti mozik<\/span><\/strong><\/li>\n<li><strong>Vis-i \u201epog\u00e1csa\u201c (ne a hagyom\u00e1nyos magyar pog\u00e1cs\u00e1ra gondoljon, ez egy nagyobb, pizza form\u00e1j\u00fa t\u00e9sztaf\u00e9le)<\/strong><\/li>\n<\/ul>\n<p style=\"text-align: justify;\"><span style=\"font-family: verdana,geneva;\">Egyedi mikrokl\u00edm\u00e1j\u00e1nak, term\u00e9keny mez\u0151inek \u00e9s a hal\u00e1szatnak\u00a0 k\u00f6sz\u00f6nhet\u0151en a horv\u00e1t gasztron\u00f3mia paradicsoma. Azoknak, akiknek m\u00e1r volt alkalmuk\u00a0 a helyi specilit\u00e1sokat kipr\u00f3b\u00e1lni,\u00a0 azok egy\u00e9rtelm\u0171en vallj\u00e1k, hogy Vis szigeten lehet a legfinomabbakat enni. <\/span><\/p>\n<p style=\"text-align: justify;\"><span style=\"font-family: verdana,geneva;\">A\u00a0 helyiek saj\u00e1tosan \u00e9lik mindennapjaikat. A szigeten \u00e9l\u0151k Pomalo-val k\u00f6sz\u00f6nnek <strong>(\u201e Egy kicsit\u201c)<\/strong>, ami j\u00f3 p\u00e9ld\u00e1ja annak, hogy az \u00e9let sokal lassabb, mint egy nagyv\u00e1rosban. A t\u00e1rsas\u00e1gi \u00e9let k\u00e1v\u00e9z\u00f3kban, b\u00e1rokban zajlik, ahol j\u00f3 k\u00e1v\u00e9t, finom\u00a0 helyi borokat k\u00f3stolhatunk. <\/span><span style=\"font-family: verdana,geneva;\">Est\u00e9nk\u00e9t a sziget kik\u00f6t\u0151i \u201e\u00e9jszakai sz\u00e1ll\u00e1st\u201c ny\u00fajtanak sz\u00e1mos jahtnak, vitorl\u00e1soknak, ami k\u00fcl\u00f6nleges l\u00e1tv\u00e1nyt ny\u00fajt. <\/span><\/p>\n","protected":false},"excerpt":{"rendered":"<p>Vis sziget\u00e9t a gy\u00f6ny\u00f6r\u0171 term\u00e9szet, a krist\u00e1lytiszta v\u00edz, sz\u00e1mos rejtett \u00f6b\u00f6l, kavicsos \u00e9s homokos partok jellemzik.\u00a0 Horv\u00e1torsz\u00e1g sz\u00e1razf\u00f6ldi r\u00e9sz\u00e9r\u0151l legmesszebb es\u0151 ny\u00edlt tengeren tal\u00e1lhat\u00f3 szigete. Ha Split fel\u0151l komppal \u00e9rkez\u00fcnk, akkor tal\u00e1n els\u0151re az \u00fati k\u00f6lts\u00e9g sokkol\u00f3 lehet, de ha elhagyjuk a kik\u00f6t\u0151t \u00e9s megl\u00e1tjuk a gy\u00f6ny\u00f6r\u0171 sziget partjait, akkor m\u00e1r\u00a0 egy\u00e9rtelm\u0171v\u00e9 v\u00e1lik, hogy\u00a0 ennek [&hellip;]<\/p>\n","protected":false},"author":2,"featured_media":5404,"comment_status":"closed","ping_status":"open","sticky":false,"template":"","format":"standard","meta":{"footnotes":""},"categories":[13,19,12],"tags":[],"class_list":{"0":"post-2517","1":"post","2":"type-post","3":"status-publish","4":"format-standard","5":"has-post-thumbnail","7":"category-culture-tradition","8":"category-tips-ideas","9":"category-city-guide"},"yoast_head":"<!-- This site is optimized with the Yoast SEO plugin v20.4 - https:\/\/yoast.com\/wordpress\/plugins\/seo\/ -->\n<title>Isten hozta a Vis szigeten - TRAVEL BLOG<\/title>\n<meta name=\"description\" content=\"Vis sziget\u00e9t a gy\u00f6ny\u00f6r\u0171 term\u00e9szet, a krist\u00e1lytiszta v\u00edz, sz\u00e1mos rejtett \u00f6b\u00f6l, kavicsos \u00e9s...\" \/>\n<meta name=\"robots\" content=\"index, follow, max-snippet:-1, max-image-preview:large, max-video-preview:-1\" \/>\n<link rel=\"canonical\" href=\"https:\/\/www.adriagate.com\/blog\/en\/vis\/\" \/>\n<meta property=\"og:locale\" content=\"en_US\" \/>\n<meta property=\"og:type\" content=\"article\" \/>\n<meta property=\"og:title\" content=\"Isten hozta a Vis szigeten - TRAVEL BLOG\" \/>\n<meta property=\"og:description\" content=\"Vis sziget\u00e9t a gy\u00f6ny\u00f6r\u0171 term\u00e9szet, a krist\u00e1lytiszta v\u00edz, sz\u00e1mos rejtett \u00f6b\u00f6l, kavicsos \u00e9s...\" \/>\n<meta property=\"og:url\" content=\"https:\/\/blog1.adriagate.com\/hu\/vis\/\" \/>\n<meta property=\"og:site_name\" content=\"TRAVEL BLOG\" \/>\n<meta property=\"article:published_time\" content=\"2013-01-03T15:30:00+00:00\" \/>\n<meta property=\"article:modified_time\" content=\"2018-06-13T12:30:25+00:00\" \/>\n<meta property=\"og:image\" content=\"https:\/\/blog1.adriagate.com\/wp-content\/uploads\/2013\/01\/vis_2-min.jpg\" \/>\n\t<meta property=\"og:image:width\" content=\"1700\" \/>\n\t<meta property=\"og:image:height\" content=\"626\" \/>\n\t<meta property=\"og:image:type\" content=\"image\/jpeg\" \/>\n<meta name=\"author\" content=\"Ana\" \/>\n<meta name=\"twitter:card\" content=\"summary_large_image\" \/>\n<meta name=\"twitter:label1\" content=\"Written by\" \/>\n\t<meta name=\"twitter:data1\" content=\"Ana\" \/>\n\t<meta name=\"twitter:label2\" content=\"Est. reading time\" \/>\n\t<meta name=\"twitter:data2\" content=\"3 minutes\" \/>\n<script type=\"application\/ld+json\" class=\"yoast-schema-graph\">{\"@context\":\"https:\/\/schema.org\",\"@graph\":[{\"@type\":\"WebPage\",\"@id\":\"https:\/\/blog1.adriagate.com\/hu\/vis\/\",\"url\":\"https:\/\/blog1.adriagate.com\/hu\/vis\/\",\"name\":\"Isten hozta a Vis szigeten - TRAVEL BLOG\",\"isPartOf\":{\"@id\":\"https:\/\/blog1.adriagate.com\/en\/#website\"},\"datePublished\":\"2013-01-03T15:30:00+00:00\",\"dateModified\":\"2018-06-13T12:30:25+00:00\",\"author\":{\"@id\":\"https:\/\/blog1.adriagate.com\/en\/#\/schema\/person\/6c240e3c1497e2d30b865edeae5742eb\"},\"description\":\"Vis sziget\u00e9t a gy\u00f6ny\u00f6r\u0171 term\u00e9szet, a krist\u00e1lytiszta v\u00edz, sz\u00e1mos rejtett \u00f6b\u00f6l, kavicsos \u00e9s...\",\"breadcrumb\":{\"@id\":\"https:\/\/blog1.adriagate.com\/hu\/vis\/#breadcrumb\"},\"inLanguage\":\"en-US\",\"potentialAction\":[{\"@type\":\"ReadAction\",\"target\":[\"https:\/\/blog1.adriagate.com\/hu\/vis\/\"]}]},{\"@type\":\"BreadcrumbList\",\"@id\":\"https:\/\/blog1.adriagate.com\/hu\/vis\/#breadcrumb\",\"itemListElement\":[{\"@type\":\"ListItem\",\"position\":1,\"name\":\"Home\",\"item\":\"https:\/\/blog1.adriagate.com\/en\/\"},{\"@type\":\"ListItem\",\"position\":2,\"name\":\"Isten hozta a Vis szigeten\"}]},{\"@type\":\"WebSite\",\"@id\":\"https:\/\/blog1.adriagate.com\/en\/#website\",\"url\":\"https:\/\/blog1.adriagate.com\/en\/\",\"name\":\"TRAVEL BLOG\",\"description\":\"Powered by Adriagate\",\"potentialAction\":[{\"@type\":\"SearchAction\",\"target\":{\"@type\":\"EntryPoint\",\"urlTemplate\":\"https:\/\/blog1.adriagate.com\/en\/?s={search_term_string}\"},\"query-input\":\"required name=search_term_string\"}],\"inLanguage\":\"en-US\"},{\"@type\":\"Person\",\"@id\":\"https:\/\/blog1.adriagate.com\/en\/#\/schema\/person\/6c240e3c1497e2d30b865edeae5742eb\",\"name\":\"Ana\",\"image\":{\"@type\":\"ImageObject\",\"inLanguage\":\"en-US\",\"@id\":\"https:\/\/blog1.adriagate.com\/en\/#\/schema\/person\/image\/\",\"url\":\"https:\/\/secure.gravatar.com\/avatar\/387b6c5e090bab726a1005972a5ea0ee4379de00183541bd6a2bf776cd46d622?s=96&d=mm&r=g\",\"contentUrl\":\"https:\/\/secure.gravatar.com\/avatar\/387b6c5e090bab726a1005972a5ea0ee4379de00183541bd6a2bf776cd46d622?s=96&d=mm&r=g\",\"caption\":\"Ana\"}}]}<\/script>\n<!-- \/ Yoast SEO plugin. -->","yoast_head_json":{"title":"Isten hozta a Vis szigeten - TRAVEL BLOG","description":"Vis sziget\u00e9t a gy\u00f6ny\u00f6r\u0171 term\u00e9szet, a krist\u00e1lytiszta v\u00edz, sz\u00e1mos rejtett \u00f6b\u00f6l, kavicsos \u00e9s...","robots":{"index":"index","follow":"follow","max-snippet":"max-snippet:-1","max-image-preview":"max-image-preview:large","max-video-preview":"max-video-preview:-1"},"canonical":"https:\/\/www.adriagate.com\/blog\/en\/vis\/","og_locale":"en_US","og_type":"article","og_title":"Isten hozta a Vis szigeten - TRAVEL BLOG","og_description":"Vis sziget\u00e9t a gy\u00f6ny\u00f6r\u0171 term\u00e9szet, a krist\u00e1lytiszta v\u00edz, sz\u00e1mos rejtett \u00f6b\u00f6l, kavicsos \u00e9s...","og_url":"https:\/\/blog1.adriagate.com\/hu\/vis\/","og_site_name":"TRAVEL BLOG","article_published_time":"2013-01-03T15:30:00+00:00","article_modified_time":"2018-06-13T12:30:25+00:00","og_image":[{"width":1700,"height":626,"url":"https:\/\/blog1.adriagate.com\/wp-content\/uploads\/2013\/01\/vis_2-min.jpg","type":"image\/jpeg"}],"author":"Ana","twitter_card":"summary_large_image","twitter_misc":{"Written by":"Ana","Est. reading time":"3 minutes"},"schema":{"@context":"https:\/\/schema.org","@graph":[{"@type":"WebPage","@id":"https:\/\/blog1.adriagate.com\/hu\/vis\/","url":"https:\/\/blog1.adriagate.com\/hu\/vis\/","name":"Isten hozta a Vis szigeten - TRAVEL BLOG","isPartOf":{"@id":"https:\/\/blog1.adriagate.com\/en\/#website"},"datePublished":"2013-01-03T15:30:00+00:00","dateModified":"2018-06-13T12:30:25+00:00","author":{"@id":"https:\/\/blog1.adriagate.com\/en\/#\/schema\/person\/6c240e3c1497e2d30b865edeae5742eb"},"description":"Vis sziget\u00e9t a gy\u00f6ny\u00f6r\u0171 term\u00e9szet, a krist\u00e1lytiszta v\u00edz, sz\u00e1mos rejtett \u00f6b\u00f6l, kavicsos \u00e9s...","breadcrumb":{"@id":"https:\/\/blog1.adriagate.com\/hu\/vis\/#breadcrumb"},"inLanguage":"en-US","potentialAction":[{"@type":"ReadAction","target":["https:\/\/blog1.adriagate.com\/hu\/vis\/"]}]},{"@type":"BreadcrumbList","@id":"https:\/\/blog1.adriagate.com\/hu\/vis\/#breadcrumb","itemListElement":[{"@type":"ListItem","position":1,"name":"Home","item":"https:\/\/blog1.adriagate.com\/en\/"},{"@type":"ListItem","position":2,"name":"Isten hozta a Vis szigeten"}]},{"@type":"WebSite","@id":"https:\/\/blog1.adriagate.com\/en\/#website","url":"https:\/\/blog1.adriagate.com\/en\/","name":"TRAVEL BLOG","description":"Powered by Adriagate","potentialAction":[{"@type":"SearchAction","target":{"@type":"EntryPoint","urlTemplate":"https:\/\/blog1.adriagate.com\/en\/?s={search_term_string}"},"query-input":"required name=search_term_string"}],"inLanguage":"en-US"},{"@type":"Person","@id":"https:\/\/blog1.adriagate.com\/en\/#\/schema\/person\/6c240e3c1497e2d30b865edeae5742eb","name":"Ana","image":{"@type":"ImageObject","inLanguage":"en-US","@id":"https:\/\/blog1.adriagate.com\/en\/#\/schema\/person\/image\/","url":"https:\/\/secure.gravatar.com\/avatar\/387b6c5e090bab726a1005972a5ea0ee4379de00183541bd6a2bf776cd46d622?s=96&d=mm&r=g","contentUrl":"https:\/\/secure.gravatar.com\/avatar\/387b6c5e090bab726a1005972a5ea0ee4379de00183541bd6a2bf776cd46d622?s=96&d=mm&r=g","caption":"Ana"}}]}},"_links":{"self":[{"href":"https:\/\/blog1.adriagate.com\/wp-json\/wp\/v2\/posts\/2517","targetHints":{"allow":["GET"]}}],"collection":[{"href":"https:\/\/blog1.adriagate.com\/wp-json\/wp\/v2\/posts"}],"about":[{"href":"https:\/\/blog1.adriagate.com\/wp-json\/wp\/v2\/types\/post"}],"author":[{"embeddable":true,"href":"https:\/\/blog1.adriagate.com\/wp-json\/wp\/v2\/users\/2"}],"replies":[{"embeddable":true,"href":"https:\/\/blog1.adriagate.com\/wp-json\/wp\/v2\/comments?post=2517"}],"version-history":[{"count":2,"href":"https:\/\/blog1.adriagate.com\/wp-json\/wp\/v2\/posts\/2517\/revisions"}],"predecessor-version":[{"id":6506,"href":"https:\/\/blog1.adriagate.com\/wp-json\/wp\/v2\/posts\/2517\/revisions\/6506"}],"wp:featuredmedia":[{"embeddable":true,"href":"https:\/\/blog1.adriagate.com\/wp-json\/wp\/v2\/media\/5404"}],"wp:attachment":[{"href":"https:\/\/blog1.adriagate.com\/wp-json\/wp\/v2\/media?parent=2517"}],"wp:term":[{"taxonomy":"category","embeddable":true,"href":"https:\/\/blog1.adriagate.com\/wp-json\/wp\/v2\/categories?post=2517"},{"taxonomy":"post_tag","embeddable":true,"href":"https:\/\/blog1.adriagate.com\/wp-json\/wp\/v2\/tags?post=2517"}],"curies":[{"name":"wp","href":"https:\/\/api.w.org\/{rel}","templated":true}]}}