{"id":2503,"date":"2014-04-08T08:51:00","date_gmt":"2014-04-08T08:51:00","guid":{"rendered":"https:\/http:\/\/blog1.adriagate.com.adriagate.comhttp:\/\/blog1.adriagate.comhttp:\/\/blog1.adriagate.com\/uncategorized-hu\/horvat-nemzeti-parkok\/"},"modified":"2018-04-20T12:37:48","modified_gmt":"2018-04-20T12:37:48","slug":"horvat-nemzeti-parkok","status":"publish","type":"post","link":"https:\/\/blog1.adriagate.com\/hu\/horvat-nemzeti-parkok\/","title":{"rendered":"Horv\u00e1t Nemzeti Parkok"},"content":{"rendered":"<h2>Horv\u00e1torsz\u00e1got csod\u00e1latos \u00e9s \u00e9rintetlen term\u00e9szeti \u00e9rt\u00e9kei tehetik m\u00e9g vonz\u00f3bb turisztikai \u00fatic\u00e9ll\u00e1. Nyolc nemzeti park tal\u00e1lhat\u00f3 Horv\u00e1torsz\u00e1gban: Plitvicei- tavak, Brijun, Krka, Kornati, Mljet, Paklenica, Risnjak \u00e9s az \u00c9szaki Velebitek.<\/h2>\n<p>A messze legh\u00edresebb Horv\u00e1torsz\u00e1gi Nemzeti Park a Plitvicei tavak, amely kiemelked\u0151 a turist\u00e1k \u00e1ltal l\u00e1togatott helyek k\u00f6z\u00fcl.<\/p>\n<h3><strong>A legl\u00e1togatottabb nemzeti parkok Horv\u00e1torsz\u00e1gban:<\/strong><br \/>\n<strong>1. <a href=\"https:\/\/www.adriagate.com\/Horvatorszag-hu\/Nemzeti-park-Plitvicei-tovidek\">Plitvicei-tavak<\/a><\/strong><br \/>\n<strong>2. <a href=\"https:\/\/www.adriagate.com\/Horvatorszag-hu\/Nemzeti-park-Krka-vizeses\">Rijeka Krka<\/a><\/strong><br \/>\n<strong>3. <a href=\"https:\/\/www.adriagate.com\/Horvatorszag-hu\/Nemzeti-park-Brijuni\">Brijuni<\/a><\/strong><br \/>\n<strong>4. <a href=\"https:\/\/www.adriagate.com\/Horvatorszag-hu\/Nemzeti-park-Paklenica\">Paklenica<\/a><\/strong><br \/>\n<strong>5. <a href=\"https:\/\/www.adriagate.com\/Horvatorszag-hu\/Nemzeti-park-Mljet-sziget\">Mljet<\/a><\/strong><br \/>\n<strong>6. <a href=\"https:\/\/www.adriagate.com\/Horvatorszag-hu\/Nemzeti-park-Kornati-szigetek\">Kornati<\/a><\/strong><br \/>\n<strong>7. <a href=\"https:\/\/www.adriagate.com\/Horvatorszag-hu\/Nemzeti-park-Risnjak\">Risnjak<\/a><\/strong><br \/>\n<strong>8. <a href=\"https:\/\/www.adriagate.com\/Horvatorszag-hu\/Nemzeti-park-Eszak-Velebit-hegyseg\">\u00c9szaki -Velebitek<\/a><\/strong><\/h3>\n<p>Sz\u00e1momra tavasszal a legszebb a <strong>Plitvicei- tavak \u00e9s a Krka Nemzeti park<\/strong>, amikor az \u00e1llat \u00e9s n\u00f6v\u00e9ny vil\u00e1g burj\u00e1nzik \u00e9s a v\u00edz szintje is el\u00e9g magas, ahhoz ,hogy megmutatkozzon az \u00f6sszes l\u00e1tv\u00e1nyos \u00e9s m\u00e1r annyiszor hallott pomp\u00e1s v\u00edzes\u00e9sek. Ez\u00e9rt, ha van r\u00e1 m\u00f3djuk ink\u00e1bb tavasszal l\u00e1togassanak el a Plitvicei tavakhoz vagy a Krka Nemzeti Parkhoz. Ne feledj\u00e9k magukkal vinni a f\u00e9nyk\u00e9pez\u0151 g\u00e9pet illetve kab\u00e1tot, mert a v\u00edz mellett k\u00f6nnyen nedves lesz a ruha. A parkokon bel\u00fcl vannak \u00e9ttermek ahol meg tudnak eb\u00e9delni vagy a s\u00e9ta f\u00e1radalmait kipihenni.<\/p>\n<figure style=\"width: 600px\" class=\"wp-caption alignnone\"><a title=\"Plitvicei-tavak: Eur\u00f3pa legismertebb term\u00e9szeti nevezetess\u00e9gei k\u00f6z\u00e9 tartoz\u00f3 nemzeti park. A tavak Horv\u00e1torsz\u00e1g s\u00edk- \u00e9s hegyvid\u00e9ki r\u00e9sz\u00e9nek tal\u00e1lkoz\u00e1s\u00e1n\u00e1l fekszenek, a tengerpart fel\u00e9 vezet\u0151 \u00fat ment\u00e9n. Ez\u00e9rt a Plitvicei-tavak ide\u00e1lis pihen\u0151helynek sz\u00e1m\u00edtanak a tengerpartra utaz\u00f3 turist\u00e1k sz\u00e1m\u00e1ra.\" href=\"\/\/www.adriagate.com\/Horvatorszag-hu\/Nemzeti-park-Plitvicei-tovidek\" target=\"_blank\" rel=\"noopener\"><img loading=\"lazy\" decoding=\"async\" src=\"\/wp-content\/uploads\/2017\/10\/Plitvice-Papp-Norbert-1.JPG\" alt=\"\" width=\"600\" height=\"601\" \/><\/a><figcaption class=\"wp-caption-text\">Plitvi\u010dka jezera<\/figcaption><\/figure>\n<figure style=\"width: 600px\" class=\"wp-caption alignnone\"><a title=\"Krka vizes\u00e9s - Krka foly\u00f3 hossz\u00fa \u00fatj\u00e1n t\u00f6bb helyen keskeny szurdokv\u00f6lgyeken \u00e9s l\u00e1tv\u00e1nyos zuhatagokon halad kereszt\u00fcl, m\u00edg \u0160ibenik k\u00f6zel\u00e9ben el\u00e9ri a tengert. \" href=\"\/\/www.adriagate.com\/Horvatorszag-hu\/Nemzeti-park-Krka-vizeses\" target=\"_blank\" rel=\"noopener\"><img loading=\"lazy\" decoding=\"async\" src=\"\/wp-content\/uploads\/2017\/10\/Krka-Kenesei-1.JPG\" alt=\"\" width=\"600\" height=\"602\" \/><\/a><figcaption class=\"wp-caption-text\">Krka<\/figcaption><\/figure>\n<p><strong>Brijuni \u00e9s a Kornati<\/strong> egyed\u00fcl\u00e1ll\u00f3 szigetcsoport, melyekhez szervezett haj\u00f3s utak indulnak a sz\u00e1razf\u00f6ldr\u0151l Iste (Birjuni) \u00e9s Dalmacije-b\u0151l (Kornati). Ezeken a haj\u00f3s utakon eb\u00e9det \u00e9s italt szolg\u00e1lnak fel, valamint a szigetcsoport k\u00f6r\u00fcli haj\u00f3z\u00e1s sor\u00e1n meg is \u00e1llnak a szigeteken, ahol s\u00e9t\u00e1lni vagy ak\u00e1r meg is lehet m\u00e1rt\u00f3zni a tengerben.<\/p>\n<figure style=\"width: 600px\" class=\"wp-caption alignnone\"><a href=\"\/\/www.adriagate.com\/Horvatorszag-hu\/Nemzeti-park-Krka-vizeses\"><img loading=\"lazy\" decoding=\"async\" title=\"Kornati\" src=\"\/wp-content\/uploads\/2017\/10\/Pag-Malgorzata-Felinczak-2.JPG\" alt=\"\" width=\"600\" height=\"768\" \/><\/a><figcaption class=\"wp-caption-text\">Kornati<\/figcaption><\/figure>\n<figure style=\"width: 600px\" class=\"wp-caption alignnone\"><a title=\"Korn\u00e1ti szigetcsoport, a horv\u00e1t Adriai -tenger \u00e9s a F\u00f6ldk\u00f6zi- tenger legtagoltabb szigetcsoportj\u00e1t alkotj\u00e1k. Az elb\u00fcv\u00f6l\u0151 sz\u00e9ps\u00e9ge, az \u00e1ttetsz\u0151 tisztas\u00e1ga, a meg\u0151rz\u00f6tt gazdag tengeri vil\u00e1ga miatt, m\u00e1r 1980-ban aKornati szigetek nagyobb r\u00e9sz\u00e9t nemzeti parkk\u00e1 nyilv\u00e1n\u00edtott\u00e1k. \" href=\"\/\/www.adriagate.com\/Horvatorszag-hu\/Nemzeti-park-Krka-vizeses\" target=\"_blank\" rel=\"noopener\"><img loading=\"lazy\" decoding=\"async\" src=\"\/wp-content\/uploads\/2017\/10\/Kornati-Sami-Ben-Mena-2.JPG\" alt=\"\" width=\"600\" height=\"682\" \/><\/a><figcaption class=\"wp-caption-text\">Kornati<\/figcaption><\/figure>\n<p><strong>A Mljet sziget\u00e9t<\/strong> ismert nev\u00e9n erd\u0151s szigetnek is h\u00edvj\u00e1k, ami Dubrovnikb\u00f3l menetrend szerinti haj\u00f3val vagy Korcul\u00e1b\u00f3l, Hv\u00e1rb\u00f3l, Peljes\u00e1cb\u00f3l vagy Makarszk\u00e1r\u00f3l kir\u00e1ndul\u00f3 haj\u00f3val is l\u00e1togathat\u00f3. A szigetre \u00e9rve \u00e9lvezhetik a naps\u00fct\u00e9st, a tengert vagy ak\u00e1r k\u00f6rbe is s\u00e9t\u00e1lhatj\u00e1k a szigetet. Ki\u00e9p\u00edtett s\u00e9ta \u00faton jutunk a Montokuc cs\u00facs\u00e1ig ahonnan az eg\u00e9sz Mljet Nemzeti Park l\u00e1tv\u00e1nya t\u00e1rul el\u00e9nk.<\/p>\n<figure id=\"attachment_5538\" aria-describedby=\"caption-attachment-5538\" style=\"width: 600px\" class=\"wp-caption alignnone\"><a href=\"https:\/\/www.adriagate.com\/Horvatorszag-hu\/Nemzeti-park-Mljet-sziget\"><img loading=\"lazy\" decoding=\"async\" class=\"wp-image-5538\" title=\"A \u201ez\u00f6ld szigetnek\u201d is nevezett Mljet term\u00e9szeti \u00e9rt\u00e9kei k\u00f6z\u00fcl kiemelkedik gazdag veget\u00e1ci\u00f3ja - itt k\u00e9pet kaphat arr\u00f3l, hogy milyen is volt az ember megjelen\u00e9se el\u0151tt a mediterr\u00e1n ter\u00fcletek n\u00f6v\u00e9nyzete.\" src=\"https:\/\/www.adriagate.comhttp:\/\/blog1.adriagate.com\/wp-content\/uploads\/2014\/04\/Mljet.jpg\" alt=\"\" width=\"600\" height=\"450\" srcset=\"https:\/\/blog1.adriagate.com\/wp-content\/uploads\/2014\/04\/Mljet.jpg 1200w, https:\/\/blog1.adriagate.com\/wp-content\/uploads\/2014\/04\/Mljet-300x225.jpg 300w, https:\/\/blog1.adriagate.com\/wp-content\/uploads\/2014\/04\/Mljet-768x576.jpg 768w, https:\/\/blog1.adriagate.com\/wp-content\/uploads\/2014\/04\/Mljet-1024x768.jpg 1024w, https:\/\/blog1.adriagate.com\/wp-content\/uploads\/2014\/04\/Mljet-80x60.jpg 80w, https:\/\/blog1.adriagate.com\/wp-content\/uploads\/2014\/04\/Mljet-696x522.jpg 696w, https:\/\/blog1.adriagate.com\/wp-content\/uploads\/2014\/04\/Mljet-560x420.jpg 560w\" sizes=\"auto, (max-width: 600px) 100vw, 600px\" \/><\/a><figcaption id=\"caption-attachment-5538\" class=\"wp-caption-text\">Mljet<\/figcaption><\/figure>\n<p><strong>Paklenica, Risnjak \u00e9s \u00c9szak -Velebit<\/strong> a horv\u00e1t hegyvid\u00e9k r\u00e9sze. Paklenica a h\u00edres kir\u00e1ndul\u00f3 helyei \u00e9s a 150km-es hegyi \u00fatjai \u00e9s \u00f6sv\u00e9nyei miatt h\u00edres. A legkedveltebb kanyoni \u00fat a Nagy Paklenic\u00e1-t\u00f3l a Hegyi \u00fcregig (kb. 2 \u00f3r\u00e1s \u00fat).<\/p>\n<figure style=\"width: 600px\" class=\"wp-caption alignnone\"><a title=\"Velebit hegys\u00e9g d\u00e9li r\u00e9sz\u00e9n a tenger ment\u00e9n tal\u00e1lhat\u00f3 a Nemzeti park Paklenica, melynek ter\u00fclete 3617 hekt\u00e1r. P\u00e1ratlan sz\u00e9ps\u00e9ge, n\u00f6v\u00e9ny- \u00e9s \u00e1llatvil\u00e1g\u00e1nak gazdags\u00e1ga miatt ezt a ter\u00fcletet m\u00e1r 1949-ben Nemzeti Parkk\u00e1 nyilv\u00e1n\u00edtott\u00e1k. A hegyen l\u00e9v\u0151 nemzeti park Paklenica, mely a barlangkutat\u00f3k, a botanikus kert kedvel\u0151k, valamint az alpinist\u00e1k kedvenc \u00fatic\u00e9lja.\" href=\"\/\/www.adriagate.com\/Horvatorszag-hu\/Nemzeti-park-Paklenica\" target=\"_blank\" rel=\"noopener\"><img loading=\"lazy\" decoding=\"async\" src=\"\/wp-content\/uploads\/2017\/10\/Paklenica-Papp-Norbert-1.JPG\" alt=\"\" width=\"600\" height=\"601\" \/><\/a><figcaption class=\"wp-caption-text\">Paklenica<\/figcaption><\/figure>\n<p>A horv\u00e1t hegyvid\u00e9ket megl\u00e1togat\u00f3 kir\u00e1ndul\u00f3 s\u00e9t\u00e1lhat, t\u00far\u00e1zhat, kipr\u00f3b\u00e1lhatja a hegyi bicikliz\u00e9st, horg\u00e1szatot, barlang\u00e1sz\u00e1st \u00e9s r\u00e9szt vehet \u00e1llat megfigyel\u0151 programon is.<\/p>\n<p><strong>Az \u00c9szaki Velebit Nemzeti Parkban<\/strong> a Premuzic \u00fat alegismertebb, amelyik \u00e1tvezet a legszebb \u00e9s leg\u00e9rdekesebb r\u00e9szein az \u00c9szak Velebit hegys\u00e9gnek. A hegycs\u00facsokr\u00f3l l\u00e9legzetel\u00e1ll\u00edt\u00f3 l\u00e1tv\u00e1ny t\u00e1rul el\u00e9nk az Adriai tengerre \u00e9s szigeteire.<\/p>\n","protected":false},"excerpt":{"rendered":"<p>Horv\u00e1torsz\u00e1got csod\u00e1latos \u00e9s \u00e9rintetlen term\u00e9szeti \u00e9rt\u00e9kei tehetik m\u00e9g vonz\u00f3bb turisztikai \u00fatic\u00e9ll\u00e1. Nyolc nemzeti park tal\u00e1lhat\u00f3 Horv\u00e1torsz\u00e1gban: Plitvicei- tavak, Brijun, Krka, Kornati, Mljet, Paklenica, Risnjak \u00e9s az \u00c9szaki Velebitek. A messze legh\u00edresebb Horv\u00e1torsz\u00e1gi Nemzeti Park a Plitvicei tavak, amely kiemelked\u0151 a turist\u00e1k \u00e1ltal l\u00e1togatott helyek k\u00f6z\u00fcl. A legl\u00e1togatottabb nemzeti parkok Horv\u00e1torsz\u00e1gban: 1. Plitvicei-tavak 2. Rijeka Krka [&hellip;]<\/p>\n","protected":false},"author":2,"featured_media":5567,"comment_status":"open","ping_status":"open","sticky":false,"template":"","format":"standard","meta":{"footnotes":""},"categories":[14,104,19,12],"tags":[],"class_list":{"0":"post-2503","1":"post","2":"type-post","3":"status-publish","4":"format-standard","5":"has-post-thumbnail","7":"category-family-holidays","8":"category-featured","9":"category-tips-ideas","10":"category-city-guide"},"yoast_head":"<!-- This site is optimized with the Yoast SEO plugin v20.4 - https:\/\/yoast.com\/wordpress\/plugins\/seo\/ -->\n<title>Horv\u00e1t Nemzeti Parkok - TRAVEL BLOG<\/title>\n<meta name=\"description\" content=\"Horv\u00e1torsz\u00e1got csod\u00e1latos \u00e9s \u00e9rintetlen term\u00e9szeti \u00e9rt\u00e9kei tehetik m\u00e9g vonz\u00f3bb...\" \/>\n<meta name=\"robots\" content=\"index, follow, max-snippet:-1, max-image-preview:large, max-video-preview:-1\" \/>\n<link rel=\"canonical\" href=\"https:\/\/www.adriagate.com\/blog\/en\/horvat-nemzeti-parkok\/\" \/>\n<meta property=\"og:locale\" content=\"en_US\" \/>\n<meta property=\"og:type\" content=\"article\" \/>\n<meta property=\"og:title\" content=\"Horv\u00e1t Nemzeti Parkok - TRAVEL BLOG\" \/>\n<meta property=\"og:description\" content=\"Horv\u00e1torsz\u00e1got csod\u00e1latos \u00e9s \u00e9rintetlen term\u00e9szeti \u00e9rt\u00e9kei tehetik m\u00e9g vonz\u00f3bb...\" \/>\n<meta property=\"og:url\" content=\"https:\/\/blog1.adriagate.com\/hu\/horvat-nemzeti-parkok\/\" \/>\n<meta property=\"og:site_name\" content=\"TRAVEL BLOG\" \/>\n<meta property=\"article:published_time\" content=\"2014-04-08T08:51:00+00:00\" \/>\n<meta property=\"article:modified_time\" content=\"2018-04-20T12:37:48+00:00\" \/>\n<meta property=\"og:image\" content=\"https:\/\/blog1.adriagate.com\/wp-content\/uploads\/2014\/04\/Horvat_Nemzeti_Parkok.jpg\" \/>\n\t<meta property=\"og:image:width\" content=\"1700\" \/>\n\t<meta property=\"og:image:height\" content=\"625\" \/>\n\t<meta property=\"og:image:type\" content=\"image\/jpeg\" \/>\n<meta name=\"author\" content=\"Ana\" \/>\n<meta name=\"twitter:card\" content=\"summary_large_image\" \/>\n<meta name=\"twitter:label1\" content=\"Written by\" \/>\n\t<meta name=\"twitter:data1\" content=\"Ana\" \/>\n\t<meta name=\"twitter:label2\" content=\"Est. reading time\" \/>\n\t<meta name=\"twitter:data2\" content=\"3 minutes\" \/>\n<script type=\"application\/ld+json\" class=\"yoast-schema-graph\">{\"@context\":\"https:\/\/schema.org\",\"@graph\":[{\"@type\":\"WebPage\",\"@id\":\"https:\/\/blog1.adriagate.com\/hu\/horvat-nemzeti-parkok\/\",\"url\":\"https:\/\/blog1.adriagate.com\/hu\/horvat-nemzeti-parkok\/\",\"name\":\"Horv\u00e1t Nemzeti Parkok - TRAVEL BLOG\",\"isPartOf\":{\"@id\":\"https:\/\/blog1.adriagate.com\/en\/#website\"},\"datePublished\":\"2014-04-08T08:51:00+00:00\",\"dateModified\":\"2018-04-20T12:37:48+00:00\",\"author\":{\"@id\":\"https:\/\/blog1.adriagate.com\/en\/#\/schema\/person\/6c240e3c1497e2d30b865edeae5742eb\"},\"description\":\"Horv\u00e1torsz\u00e1got csod\u00e1latos \u00e9s \u00e9rintetlen term\u00e9szeti \u00e9rt\u00e9kei tehetik m\u00e9g vonz\u00f3bb...\",\"breadcrumb\":{\"@id\":\"https:\/\/blog1.adriagate.com\/hu\/horvat-nemzeti-parkok\/#breadcrumb\"},\"inLanguage\":\"en-US\",\"potentialAction\":[{\"@type\":\"ReadAction\",\"target\":[\"https:\/\/blog1.adriagate.com\/hu\/horvat-nemzeti-parkok\/\"]}]},{\"@type\":\"BreadcrumbList\",\"@id\":\"https:\/\/blog1.adriagate.com\/hu\/horvat-nemzeti-parkok\/#breadcrumb\",\"itemListElement\":[{\"@type\":\"ListItem\",\"position\":1,\"name\":\"Home\",\"item\":\"https:\/\/blog1.adriagate.com\/en\/\"},{\"@type\":\"ListItem\",\"position\":2,\"name\":\"Horv\u00e1t Nemzeti Parkok\"}]},{\"@type\":\"WebSite\",\"@id\":\"https:\/\/blog1.adriagate.com\/en\/#website\",\"url\":\"https:\/\/blog1.adriagate.com\/en\/\",\"name\":\"TRAVEL BLOG\",\"description\":\"Powered by Adriagate\",\"potentialAction\":[{\"@type\":\"SearchAction\",\"target\":{\"@type\":\"EntryPoint\",\"urlTemplate\":\"https:\/\/blog1.adriagate.com\/en\/?s={search_term_string}\"},\"query-input\":\"required name=search_term_string\"}],\"inLanguage\":\"en-US\"},{\"@type\":\"Person\",\"@id\":\"https:\/\/blog1.adriagate.com\/en\/#\/schema\/person\/6c240e3c1497e2d30b865edeae5742eb\",\"name\":\"Ana\",\"image\":{\"@type\":\"ImageObject\",\"inLanguage\":\"en-US\",\"@id\":\"https:\/\/blog1.adriagate.com\/en\/#\/schema\/person\/image\/\",\"url\":\"https:\/\/secure.gravatar.com\/avatar\/387b6c5e090bab726a1005972a5ea0ee4379de00183541bd6a2bf776cd46d622?s=96&d=mm&r=g\",\"contentUrl\":\"https:\/\/secure.gravatar.com\/avatar\/387b6c5e090bab726a1005972a5ea0ee4379de00183541bd6a2bf776cd46d622?s=96&d=mm&r=g\",\"caption\":\"Ana\"}}]}<\/script>\n<!-- \/ Yoast SEO plugin. -->","yoast_head_json":{"title":"Horv\u00e1t Nemzeti Parkok - TRAVEL BLOG","description":"Horv\u00e1torsz\u00e1got csod\u00e1latos \u00e9s \u00e9rintetlen term\u00e9szeti \u00e9rt\u00e9kei tehetik m\u00e9g vonz\u00f3bb...","robots":{"index":"index","follow":"follow","max-snippet":"max-snippet:-1","max-image-preview":"max-image-preview:large","max-video-preview":"max-video-preview:-1"},"canonical":"https:\/\/www.adriagate.com\/blog\/en\/horvat-nemzeti-parkok\/","og_locale":"en_US","og_type":"article","og_title":"Horv\u00e1t Nemzeti Parkok - TRAVEL BLOG","og_description":"Horv\u00e1torsz\u00e1got csod\u00e1latos \u00e9s \u00e9rintetlen term\u00e9szeti \u00e9rt\u00e9kei tehetik m\u00e9g vonz\u00f3bb...","og_url":"https:\/\/blog1.adriagate.com\/hu\/horvat-nemzeti-parkok\/","og_site_name":"TRAVEL BLOG","article_published_time":"2014-04-08T08:51:00+00:00","article_modified_time":"2018-04-20T12:37:48+00:00","og_image":[{"width":1700,"height":625,"url":"https:\/\/blog1.adriagate.com\/wp-content\/uploads\/2014\/04\/Horvat_Nemzeti_Parkok.jpg","type":"image\/jpeg"}],"author":"Ana","twitter_card":"summary_large_image","twitter_misc":{"Written by":"Ana","Est. reading time":"3 minutes"},"schema":{"@context":"https:\/\/schema.org","@graph":[{"@type":"WebPage","@id":"https:\/\/blog1.adriagate.com\/hu\/horvat-nemzeti-parkok\/","url":"https:\/\/blog1.adriagate.com\/hu\/horvat-nemzeti-parkok\/","name":"Horv\u00e1t Nemzeti Parkok - TRAVEL BLOG","isPartOf":{"@id":"https:\/\/blog1.adriagate.com\/en\/#website"},"datePublished":"2014-04-08T08:51:00+00:00","dateModified":"2018-04-20T12:37:48+00:00","author":{"@id":"https:\/\/blog1.adriagate.com\/en\/#\/schema\/person\/6c240e3c1497e2d30b865edeae5742eb"},"description":"Horv\u00e1torsz\u00e1got csod\u00e1latos \u00e9s \u00e9rintetlen term\u00e9szeti \u00e9rt\u00e9kei tehetik m\u00e9g vonz\u00f3bb...","breadcrumb":{"@id":"https:\/\/blog1.adriagate.com\/hu\/horvat-nemzeti-parkok\/#breadcrumb"},"inLanguage":"en-US","potentialAction":[{"@type":"ReadAction","target":["https:\/\/blog1.adriagate.com\/hu\/horvat-nemzeti-parkok\/"]}]},{"@type":"BreadcrumbList","@id":"https:\/\/blog1.adriagate.com\/hu\/horvat-nemzeti-parkok\/#breadcrumb","itemListElement":[{"@type":"ListItem","position":1,"name":"Home","item":"https:\/\/blog1.adriagate.com\/en\/"},{"@type":"ListItem","position":2,"name":"Horv\u00e1t Nemzeti Parkok"}]},{"@type":"WebSite","@id":"https:\/\/blog1.adriagate.com\/en\/#website","url":"https:\/\/blog1.adriagate.com\/en\/","name":"TRAVEL BLOG","description":"Powered by Adriagate","potentialAction":[{"@type":"SearchAction","target":{"@type":"EntryPoint","urlTemplate":"https:\/\/blog1.adriagate.com\/en\/?s={search_term_string}"},"query-input":"required name=search_term_string"}],"inLanguage":"en-US"},{"@type":"Person","@id":"https:\/\/blog1.adriagate.com\/en\/#\/schema\/person\/6c240e3c1497e2d30b865edeae5742eb","name":"Ana","image":{"@type":"ImageObject","inLanguage":"en-US","@id":"https:\/\/blog1.adriagate.com\/en\/#\/schema\/person\/image\/","url":"https:\/\/secure.gravatar.com\/avatar\/387b6c5e090bab726a1005972a5ea0ee4379de00183541bd6a2bf776cd46d622?s=96&d=mm&r=g","contentUrl":"https:\/\/secure.gravatar.com\/avatar\/387b6c5e090bab726a1005972a5ea0ee4379de00183541bd6a2bf776cd46d622?s=96&d=mm&r=g","caption":"Ana"}}]}},"_links":{"self":[{"href":"https:\/\/blog1.adriagate.com\/wp-json\/wp\/v2\/posts\/2503","targetHints":{"allow":["GET"]}}],"collection":[{"href":"https:\/\/blog1.adriagate.com\/wp-json\/wp\/v2\/posts"}],"about":[{"href":"https:\/\/blog1.adriagate.com\/wp-json\/wp\/v2\/types\/post"}],"author":[{"embeddable":true,"href":"https:\/\/blog1.adriagate.com\/wp-json\/wp\/v2\/users\/2"}],"replies":[{"embeddable":true,"href":"https:\/\/blog1.adriagate.com\/wp-json\/wp\/v2\/comments?post=2503"}],"version-history":[{"count":4,"href":"https:\/\/blog1.adriagate.com\/wp-json\/wp\/v2\/posts\/2503\/revisions"}],"predecessor-version":[{"id":5569,"href":"https:\/\/blog1.adriagate.com\/wp-json\/wp\/v2\/posts\/2503\/revisions\/5569"}],"wp:featuredmedia":[{"embeddable":true,"href":"https:\/\/blog1.adriagate.com\/wp-json\/wp\/v2\/media\/5567"}],"wp:attachment":[{"href":"https:\/\/blog1.adriagate.com\/wp-json\/wp\/v2\/media?parent=2503"}],"wp:term":[{"taxonomy":"category","embeddable":true,"href":"https:\/\/blog1.adriagate.com\/wp-json\/wp\/v2\/categories?post=2503"},{"taxonomy":"post_tag","embeddable":true,"href":"https:\/\/blog1.adriagate.com\/wp-json\/wp\/v2\/tags?post=2503"}],"curies":[{"name":"wp","href":"https:\/\/api.w.org\/{rel}","templated":true}]}}