{"id":20588,"date":"2025-01-09T12:52:07","date_gmt":"2025-01-09T11:52:07","guid":{"rendered":"https:\/\/blog1.adriagate.com\/?p=20588"},"modified":"2025-01-09T12:52:09","modified_gmt":"2025-01-09T11:52:09","slug":"a-legnepszerubb-horvatorszagi-uti-celok-2025-ben","status":"publish","type":"post","link":"https:\/\/blog1.adriagate.com\/hu\/a-legnepszerubb-horvatorszagi-uti-celok-2025-ben\/","title":{"rendered":"A legn\u00e9pszer\u0171bb horv\u00e1torsz\u00e1gi \u00fati c\u00e9lok 2025-ben"},"content":{"rendered":"\n<p>Az \u00faj \u00e9v \u00faj lehet\u0151s\u00e9geket k\u00edn\u00e1l a leny\u0171g\u00f6z\u0151 \u00fati c\u00e9lok felfedez\u00e9s\u00e9re \u00e9s felejthetetlen eml\u00e9kek teremt\u00e9s\u00e9re. Horv\u00e1torsz\u00e1g, amely arr\u00f3l ismert, hogy Horv\u00e1torsz\u00e1g egyik legn\u00e9pszer\u0171bb \u00fati c\u00e9lja, gazdag kult\u00far\u00e1t, l\u00e9legzetel\u00e1ll\u00edt\u00f3 t\u00e1jakat \u00e9s ny\u00fczsg\u0151 tengerparti v\u00e1rosokat k\u00edn\u00e1l, sz\u00e1mtalan okot adva a l\u00e1togat\u00e1sra 2025-ben. Ak\u00e1r kikapcsol\u00f3d\u00e1sra, kalandra, ak\u00e1r autentikus helyi \u00e9lm\u00e9nyekre v\u00e1gyik, ezeknek az \u00fati c\u00e9loknak \u00e9rdemes legyen az utaz\u00e1si list\u00e1j\u00e1n: Split, Crikvenica, Vodice, Primo\u0161ten, Biograd na Moru, Omi\u0161, Jelsa Hvaron \u00e9s Trogir.<\/p>\n\n\n\n<h2 class=\"wp-block-heading\">1. <a href=\"Split: a m\u00falt \u00e9s a jelen vibr\u00e1l\u00f3 kever\u00e9ke a legn\u00e9pszer\u0171bb horv\u00e1torsz\u00e1gi \u00fati c\u00e9lok k\u00f6z\u00f6tt\">Split: a m\u00falt \u00e9s a jelen vibr\u00e1l\u00f3 kever\u00e9ke a legn\u00e9pszer\u0171bb horv\u00e1torsz\u00e1gi \u00fati c\u00e9lok k\u00f6z\u00f6tt<\/a><\/h2>\n\n\n\n<p>Split egy k\u00f6telez\u0151 v\u00e1ros az \u00faj\u00e9v megkezd\u00e9s\u00e9hez. Olyan \u0151si nevezetess\u00e9geivel, mint a Diocletianus-palota \u00e9s a ny\u00fczsg\u0151 modern hangulat, ez egy olyan \u00fati c\u00e9l, ahol a t\u00f6rt\u00e9nelem \u00e9s az energia tal\u00e1lkozik.<\/p>\n\n\n\n<figure class=\"wp-block-image size-large\"><img loading=\"lazy\" decoding=\"async\" width=\"1024\" height=\"353\" src=\"https:\/\/blog1.adriagate.com\/wp-content\/uploads\/2025\/01\/Split-2-1024x353.png\" alt=\"Legn\u00e9pszer\u0171bb \u00fati c\u00e9lok, Split\" class=\"wp-image-20469\" srcset=\"https:\/\/blog1.adriagate.com\/wp-content\/uploads\/2025\/01\/Split-2-1024x353.png 1024w, https:\/\/blog1.adriagate.com\/wp-content\/uploads\/2025\/01\/Split-2-300x104.png 300w, https:\/\/blog1.adriagate.com\/wp-content\/uploads\/2025\/01\/Split-2-768x265.png 768w, https:\/\/blog1.adriagate.com\/wp-content\/uploads\/2025\/01\/Split-2-1536x530.png 1536w, https:\/\/blog1.adriagate.com\/wp-content\/uploads\/2025\/01\/Split-2-696x240.png 696w, https:\/\/blog1.adriagate.com\/wp-content\/uploads\/2025\/01\/Split-2-1920x662.png 1920w, https:\/\/blog1.adriagate.com\/wp-content\/uploads\/2025\/01\/Split-2-1217x420.png 1217w, https:\/\/blog1.adriagate.com\/wp-content\/uploads\/2025\/01\/Split-2.png 2000w\" sizes=\"auto, (max-width: 1024px) 100vw, 1024px\" \/><figcaption class=\"wp-element-caption\">Split<\/figcaption><\/figure>\n\n\n\n<p><a href=\"https:\/\/www.adriagate.com\/Horvatorszag-hu\/Szallasok-Split\" target=\"_blank\" rel=\"noreferrer noopener\">Split<\/a>, egy v\u00e1ros, ahol a t\u00f6rt\u00e9nelem tal\u00e1lkozik a moderns\u00e9ggel, t\u00f6k\u00e9letes \u00fati c\u00e9l az \u00e9v b\u00e1rmely szak\u00e1ban. 2025-ben sz\u00e1njon id\u0151t a fens\u00e9ges Diocletianus-palot\u00e1ra, amely az UNESCO Vil\u00e1g\u00f6r\u00f6ks\u00e9g r\u00e9sze, \u00e9s mer\u00fclj\u00f6n el ennek az \u00f3kori r\u00f3mai csod\u00e1nak a t\u00f6rt\u00e9neteiben. A palota felfedez\u00e9se ut\u00e1n s\u00e9t\u00e1ljon v\u00e9gig a ny\u00fczsg\u0151 Riva s\u00e9t\u00e1nyon, ahol a helyiek \u00e9s a turist\u00e1k gy\u0171lnek \u00f6ssze, hogy \u00e9lvezz\u00e9k a mediterr\u00e1n naps\u00fct\u00e9st. Ha kalandv\u00e1gy\u00f3nak \u00e9rzi mag\u00e1t, egy kir\u00e1ndul\u00e1s a Marjan-hegyre leny\u0171g\u00f6z\u0151 panor\u00e1m\u00e1s kil\u00e1t\u00e1st ny\u00fajt a v\u00e1rosra \u00e9s a k\u00f6rnyez\u0151 szigetekre. Az \u00e9telek szerelmesei sz\u00e1m\u00e1ra a spliti konobas (hagyom\u00e1nyos kocsma) olyan kit\u0171n\u0151 dalm\u00e1t \u00e9teleket szolg\u00e1l fel, amelyek elk\u00e1pr\u00e1ztatj\u00e1k az \u00edzlel\u0151bimb\u00f3kat. V\u00e9g\u00fcl, de nem utols\u00f3sorban, ne hagyja ki a lehet\u0151s\u00e9get, hogy kipr\u00f3b\u00e1lja a picigint a Ba\u010dvice strandon.<\/p>\n\n\n\n<h2 class=\"wp-block-heading\">2. Crikvenica: T\u00e9li csodaorsz\u00e1g a tenger mellett<\/h2>\n\n\n\n<p>Crikvenica nyugodt, m\u00e9gis fest\u0151i l\u00e9gk\u00f6re ide\u00e1liss\u00e1 teszi egy pihentet\u0151 \u00e9vkezd\u00e9shez, megszil\u00e1rd\u00edtva hely\u00e9t Horv\u00e1torsz\u00e1g legjobb \u00fati c\u00e9ljai k\u00f6z\u00f6tt. Gy\u00f3gy- \u00e9s wellness-lehet\u0151s\u00e9gei vonzz\u00e1k a meg\u00fajulni v\u00e1gy\u00f3 l\u00e1togat\u00f3kat.<\/p>\n\n\n\n<figure class=\"wp-block-image size-large\"><img loading=\"lazy\" decoding=\"async\" width=\"1024\" height=\"353\" src=\"https:\/\/blog1.adriagate.com\/wp-content\/uploads\/2025\/01\/crikvenica-2-1024x353.png\" alt=\"Legn\u00e9pszer\u0171bb \u00fati c\u00e9lok, Crikvenica\" class=\"wp-image-20487\" srcset=\"https:\/\/blog1.adriagate.com\/wp-content\/uploads\/2025\/01\/crikvenica-2-1024x353.png 1024w, https:\/\/blog1.adriagate.com\/wp-content\/uploads\/2025\/01\/crikvenica-2-300x104.png 300w, https:\/\/blog1.adriagate.com\/wp-content\/uploads\/2025\/01\/crikvenica-2-768x265.png 768w, https:\/\/blog1.adriagate.com\/wp-content\/uploads\/2025\/01\/crikvenica-2-1536x530.png 1536w, https:\/\/blog1.adriagate.com\/wp-content\/uploads\/2025\/01\/crikvenica-2-696x240.png 696w, https:\/\/blog1.adriagate.com\/wp-content\/uploads\/2025\/01\/crikvenica-2-1920x662.png 1920w, https:\/\/blog1.adriagate.com\/wp-content\/uploads\/2025\/01\/crikvenica-2-1217x420.png 1217w, https:\/\/blog1.adriagate.com\/wp-content\/uploads\/2025\/01\/crikvenica-2.png 2000w\" sizes=\"auto, (max-width: 1024px) 100vw, 1024px\" \/><figcaption class=\"wp-element-caption\">Crikvenica<\/figcaption><\/figure>\n\n\n\n<p><a href=\"https:\/\/www.adriagate.com\/Horvatorszag-hu\/Szallasok-Crikvenica\" target=\"_blank\" rel=\"noreferrer noopener\">Crikvenica <\/a>t\u00f6bb, mint egy ny\u00e1ri forr\u00f3 pont; ez egy olyan \u00fati c\u00e9l, amely eg\u00e9sz \u00e9vben nyugalmat \u00e9s felfriss\u00fcl\u00e9st k\u00edn\u00e1l. 2025-ben fontolja meg a v\u00e1ros neves wellness-k\u00f6zpontjaiban val\u00f3 k\u00e9nyeztet\u00e9st, amelyek a r\u00e9gi\u00f3 term\u00e9szeti er\u0151forr\u00e1sait, p\u00e9ld\u00e1ul a tiszta leveg\u0151t \u00e9s a ter\u00e1pi\u00e1s tengeri iszapot hasznos\u00edtj\u00e1k a pihen\u00e9s \u00e9s az eg\u00e9szs\u00e9g\u00fcgyi el\u0151ny\u00f6k \u00e9rdek\u00e9ben. A fest\u0151i Lungomare s\u00e9t\u00e1ny t\u00f6k\u00e9letes nyugodt s\u00e9t\u00e1khoz, ahol bel\u00e9legezheti a friss tengeri leveg\u0151t, mik\u00f6zben megcsod\u00e1lhatja az Adri\u00e1ra ny\u00edl\u00f3 leny\u0171g\u00f6z\u0151 kil\u00e1t\u00e1st. A k\u00f6zeli Vinodol-v\u00f6lgy t\u00fara\u00fatvonalaival, sz\u0151l\u0151\u00fcltetv\u00e9nyeivel \u00e9s a helyi borok megk\u00f3stol\u00e1s\u00e1nak lehet\u0151s\u00e9geivel a term\u00e9szetbe menek\u00fcl\u00e9st biztos\u00edt, \u00edgy Crikvenica b\u00e9k\u00e9s mened\u00e9khely.<\/p>\n\n\n\n<h2 class=\"wp-block-heading\">3. Vodice: A Destnation \u00e9l\u00e9nk parti energi\u00e1val<\/h2>\n\n\n\n<p>Vodice egy ny\u00fczsg\u0151 v\u00e1ros, amely t\u00f6k\u00e9letes azok sz\u00e1m\u00e1ra, akik szeretik a kult\u00far\u00e1t, a vend\u00e9gszeretetet \u00e9s a term\u00e9szeti sz\u00e9ps\u00e9get. Kiv\u00e1l\u00f3 hely a kikapcsol\u00f3d\u00e1s \u00e9s a felfedez\u00e9s \u00f6tv\u00f6z\u00e9s\u00e9re.<\/p>\n\n\n\n<figure class=\"wp-block-image size-large\"><img loading=\"lazy\" decoding=\"async\" width=\"1024\" height=\"353\" src=\"https:\/\/blog1.adriagate.com\/wp-content\/uploads\/2025\/01\/vodice-5-1024x353.png\" alt=\"Legn\u00e9pszer\u0171bb \u00fati c\u00e9lok, Vodice\" class=\"wp-image-20495\" srcset=\"https:\/\/blog1.adriagate.com\/wp-content\/uploads\/2025\/01\/vodice-5-1024x353.png 1024w, https:\/\/blog1.adriagate.com\/wp-content\/uploads\/2025\/01\/vodice-5-300x104.png 300w, https:\/\/blog1.adriagate.com\/wp-content\/uploads\/2025\/01\/vodice-5-768x265.png 768w, https:\/\/blog1.adriagate.com\/wp-content\/uploads\/2025\/01\/vodice-5-1536x530.png 1536w, https:\/\/blog1.adriagate.com\/wp-content\/uploads\/2025\/01\/vodice-5-696x240.png 696w, https:\/\/blog1.adriagate.com\/wp-content\/uploads\/2025\/01\/vodice-5-1920x662.png 1920w, https:\/\/blog1.adriagate.com\/wp-content\/uploads\/2025\/01\/vodice-5-1217x420.png 1217w, https:\/\/blog1.adriagate.com\/wp-content\/uploads\/2025\/01\/vodice-5.png 2000w\" sizes=\"auto, (max-width: 1024px) 100vw, 1024px\" \/><figcaption class=\"wp-element-caption\">Vodice<\/figcaption><\/figure>\n\n\n\n<p><a href=\"https:\/\/www.adriagate.com\/Horvatorszag-hu\/Szallasok-Vodice\" target=\"_blank\" rel=\"noreferrer noopener\">Vodice <\/a>tov\u00e1bbra is elb\u0171v\u00f6li a l\u00e1togat\u00f3kat \u00e9l\u00e9nk l\u00e9gk\u00f6r\u00e9vel \u00e9s gazdag kultur\u00e1lis \u00f6r\u00f6ks\u00e9g\u00e9vel. Kezdje 2025-\u00f6s l\u00e1togat\u00e1s\u00e1t a v\u00e1ros sz\u00edv\u00e9nek felfedez\u00e9s\u00e9vel, ahol a macskak\u00f6ves utc\u00e1k olyan t\u00f6rt\u00e9nelmi nevezetess\u00e9gekhez vezetnek, mint a Szent Kereszt-templom. A term\u00e9szet szerelmeseinek Vodice a l\u00e9legzetel\u00e1ll\u00edt\u00f3 Krka Nemzeti Park kapujak\u00e9nt szolg\u00e1l, amely v\u00edzes\u00e9seir\u0151l \u00e9s fest\u0151i s\u00e9ta\u00fatjair\u00f3l ismert. Ahogy lemegy a nap, k\u00f3stoljon meg helyi tengeri \u00e9teleket, \u00e9s \u00e9lvezze a naplement\u00e9t az Adriai-tenger felett. Vodice meleg vend\u00e9gszeretete \u00e9s vibr\u00e1l\u00f3 energi\u00e1ja minden t\u00edpus\u00fa utaz\u00f3 sz\u00e1m\u00e1ra k\u00f6telez\u0151 c\u00e9lpontt\u00e1 teszi. Ha itt van, javasoljuk, hogy l\u00e1togassa meg Tribunjt, egy b\u00e1jos k\u00f6zeli falut, vagy tegyen egy haj\u00f3kir\u00e1ndul\u00e1st a Kornati-szigetekre.<\/p>\n\n\n\n<h2 class=\"wp-block-heading\">4. Primo\u0161ten: Id\u0151tlen sz\u00e9ps\u00e9g az Adri\u00e1n<\/h2>\n\n\n\n<p>Primo\u0161ten egy k\u00e9peslap-t\u00f6k\u00e9letes \u00fati c\u00e9l, amely k\u00f6z\u00e9pkori \u00e9p\u00edt\u00e9szet\u00e9r\u0151l \u00e9s leny\u0171g\u00f6z\u0151 strandjair\u00f3l ismert. Ez a kis v\u00e1ros egy b\u00e9k\u00e9s mened\u00e9k, ahol elm\u00e9lkedhet \u00e9s felt\u00f6lt\u0151dhet az el\u0151tt\u00fcnk \u00e1ll\u00f3 \u00e9vre.<\/p>\n\n\n\n<figure class=\"wp-block-image size-large\"><img loading=\"lazy\" decoding=\"async\" width=\"1024\" height=\"353\" src=\"https:\/\/blog1.adriagate.com\/wp-content\/uploads\/2025\/01\/Primosten-3-1024x353.png\" alt=\"Primo\u0161ten\" class=\"wp-image-20505\" srcset=\"https:\/\/blog1.adriagate.com\/wp-content\/uploads\/2025\/01\/Primosten-3-1024x353.png 1024w, https:\/\/blog1.adriagate.com\/wp-content\/uploads\/2025\/01\/Primosten-3-300x104.png 300w, https:\/\/blog1.adriagate.com\/wp-content\/uploads\/2025\/01\/Primosten-3-768x265.png 768w, https:\/\/blog1.adriagate.com\/wp-content\/uploads\/2025\/01\/Primosten-3-1536x530.png 1536w, https:\/\/blog1.adriagate.com\/wp-content\/uploads\/2025\/01\/Primosten-3-696x240.png 696w, https:\/\/blog1.adriagate.com\/wp-content\/uploads\/2025\/01\/Primosten-3-1920x662.png 1920w, https:\/\/blog1.adriagate.com\/wp-content\/uploads\/2025\/01\/Primosten-3-1217x420.png 1217w, https:\/\/blog1.adriagate.com\/wp-content\/uploads\/2025\/01\/Primosten-3.png 2000w\" sizes=\"auto, (max-width: 1024px) 100vw, 1024px\" \/><figcaption class=\"wp-element-caption\">Primo\u0161ten<\/figcaption><\/figure>\n\n\n\n<p><a href=\"https:\/\/www.adriagate.com\/Horvatorszag-hu\/Szallasok-Primosten\" target=\"_blank\" rel=\"noreferrer noopener\">Primo\u0161ten <\/a>a dalm\u00e1t b\u00e1j megtestes\u00edt\u0151je, \u00e9s 2025 a t\u00f6k\u00e9letes alkalom arra, hogy megtapasztalja id\u0151tlen vonzerej\u00e9t. Kezdje l\u00e1togat\u00e1s\u00e1t az \u00f3v\u00e1rosban, a k\u0151utc\u00e1k labirintus\u00e1ban, egy kis f\u00e9lszigeten, amelyet krist\u00e1lytiszta v\u00edz vesz k\u00f6r\u00fcl. Primo\u0161ten sz\u00e9ps\u00e9g\u00e9n t\u00fal h\u00edres a h\u00edres Babi\u0107 bort termel\u0151 sz\u0151l\u0151\u00fcltetv\u00e9nyeir\u0151l. Vegyen r\u00e9szt egy t\u00far\u00e1n ezeken a g\u00f6rd\u00fcl\u0151 sz\u0151l\u0151\u00fcltetv\u00e9nyeken, \u00e9s \u00e9lvezze a bork\u00f3stol\u00f3kat, amelyeket leny\u0171g\u00f6z\u0151 kil\u00e1t\u00e1s k\u00eds\u00e9r. A nyugalomra v\u00e1gy\u00f3k sz\u00e1m\u00e1ra a v\u00e1ros \u00e9rintetlen strandjai, mint p\u00e9ld\u00e1ul a Mala Radu\u010da strand b\u00e9k\u00e9s menek\u00fcl\u00e9st k\u00edn\u00e1lnak, ahol laz\u00edthatnak \u00e9s \u00e9lvezhetik a mediterr\u00e1n naps\u00fct\u00e9st. Javasoljuk, hogy l\u00e1togassa meg a Primo\u0161ten feletti kil\u00e1t\u00f3t, ahol a Loreto Sz\u0171zanya szobor tal\u00e1lhat\u00f3, ahonnan l\u00e9legzetel\u00e1ll\u00edt\u00f3 kil\u00e1t\u00e1s ny\u00edlik Primo\u0161tenre \u00e9s a k\u00f6rnyez\u0151 szigetekre. A romantikus naplement\u00e9k tov\u00e1bbi f\u00e9nypontok, amelyeket egyszer\u0171en nem szabad kihagyni.<\/p>\n\n\n\n<h2 class=\"wp-block-heading\">5. Biograd na Moru: Kapu a kalandokhoz<\/h2>\n\n\n\n<p>Biograd na Moru ide\u00e1lis hely az \u00faj\u00e9vi kalandorok sz\u00e1m\u00e1ra. A nemzeti parkokkal \u00e9s szigetekkel k\u00f6r\u00fclvett v\u00e1ros sz\u00e1mtalan lehet\u0151s\u00e9get k\u00edn\u00e1l a felfedez\u00e9sre.<\/p>\n\n\n\n<figure class=\"wp-block-image size-large\"><img loading=\"lazy\" decoding=\"async\" width=\"1024\" height=\"353\" src=\"https:\/\/blog1.adriagate.com\/wp-content\/uploads\/2025\/01\/Biograd-1-1024x353.png\" alt=\"Biograd na Moru\" class=\"wp-image-20535\" srcset=\"https:\/\/blog1.adriagate.com\/wp-content\/uploads\/2025\/01\/Biograd-1-1024x353.png 1024w, https:\/\/blog1.adriagate.com\/wp-content\/uploads\/2025\/01\/Biograd-1-300x104.png 300w, https:\/\/blog1.adriagate.com\/wp-content\/uploads\/2025\/01\/Biograd-1-768x265.png 768w, https:\/\/blog1.adriagate.com\/wp-content\/uploads\/2025\/01\/Biograd-1-1536x530.png 1536w, https:\/\/blog1.adriagate.com\/wp-content\/uploads\/2025\/01\/Biograd-1-696x240.png 696w, https:\/\/blog1.adriagate.com\/wp-content\/uploads\/2025\/01\/Biograd-1-1920x662.png 1920w, https:\/\/blog1.adriagate.com\/wp-content\/uploads\/2025\/01\/Biograd-1-1217x420.png 1217w, https:\/\/blog1.adriagate.com\/wp-content\/uploads\/2025\/01\/Biograd-1.png 2000w\" sizes=\"auto, (max-width: 1024px) 100vw, 1024px\" \/><figcaption class=\"wp-element-caption\">Biograd na Moru<\/figcaption><\/figure>\n\n\n\n<p>Biograd na Moru kiv\u00e1l\u00f3 kiindul\u00f3pont Horv\u00e1torsz\u00e1g term\u00e9szeti csod\u00e1inak felfedez\u00e9s\u00e9hez. 2025-ben mindenk\u00e9ppen induljon el egy haj\u00f3kir\u00e1ndul\u00e1son a Kornati Nemzeti Parkba, amely t\u00f6bb mint 80 szigetb\u0151l \u00e9s z\u00e1tonyb\u00f3l \u00e1ll\u00f3 l\u00e9legzetel\u00e1ll\u00edt\u00f3 szigetcsoport, amelyet gyakran \u201etenger\u00e9szeti paradicsomk\u00e9nt\u201d is emlegetnek. A sz\u00e1razf\u00f6ld\u00f6n Biograd k\u00f6rny\u00e9ke rengeteg lehet\u0151s\u00e9get k\u00edn\u00e1l ker\u00e9kp\u00e1roz\u00e1sra \u00e9s t\u00far\u00e1z\u00e1sra. Az \u00f6sv\u00e9nyek feny\u0151erd\u0151kben \u00e9s a tengerparton kanyarognak. Egy kalandos nap ut\u00e1n k\u00e9nyeztesse mag\u00e1t friss tenger gy\u00fcm\u00f6lcseivel \u00e9s dalm\u00e1t k\u00fcl\u00f6nlegess\u00e9gekkel. \u00c9tkezzen a v\u00e1ros egyik v\u00edzparti \u00e9tterm\u00e9ben, ahol a csillog\u00f3 tengerre n\u00e9z\u0151 kil\u00e1t\u00e1sban \u00e9tkezhet.<\/p>\n\n\n\n<h2 class=\"wp-block-heading\">6. Omi\u0161: Ahol a kaland tal\u00e1lkozik a term\u00e9szetes sz\u00e9ps\u00e9ggel<\/h2>\n\n\n\n<p>Az izgalmakat keres\u0151k \u00e9s a t\u00f6rt\u00e9nelem szerelmesei sz\u00e1m\u00e1ra Omi\u0161 olyan \u00fati c\u00e9l, amely az adrenalint pump\u00e1l\u00f3 tev\u00e9kenys\u00e9gek \u00e9s a gazdag kultur\u00e1lis \u00f6r\u00f6ks\u00e9g kever\u00e9k\u00e9t k\u00edn\u00e1lja.<\/p>\n\n\n\n<figure class=\"wp-block-image size-large\"><img loading=\"lazy\" decoding=\"async\" width=\"1024\" height=\"353\" src=\"https:\/\/blog1.adriagate.com\/wp-content\/uploads\/2025\/01\/Omis-1-1024x353.png\" alt=\"Omi\u0161\" class=\"wp-image-20515\" srcset=\"https:\/\/blog1.adriagate.com\/wp-content\/uploads\/2025\/01\/Omis-1-1024x353.png 1024w, https:\/\/blog1.adriagate.com\/wp-content\/uploads\/2025\/01\/Omis-1-300x104.png 300w, https:\/\/blog1.adriagate.com\/wp-content\/uploads\/2025\/01\/Omis-1-768x265.png 768w, https:\/\/blog1.adriagate.com\/wp-content\/uploads\/2025\/01\/Omis-1-1536x530.png 1536w, https:\/\/blog1.adriagate.com\/wp-content\/uploads\/2025\/01\/Omis-1-696x240.png 696w, https:\/\/blog1.adriagate.com\/wp-content\/uploads\/2025\/01\/Omis-1-1920x662.png 1920w, https:\/\/blog1.adriagate.com\/wp-content\/uploads\/2025\/01\/Omis-1-1217x420.png 1217w, https:\/\/blog1.adriagate.com\/wp-content\/uploads\/2025\/01\/Omis-1.png 2000w\" sizes=\"auto, (max-width: 1024px) 100vw, 1024px\" \/><figcaption class=\"wp-element-caption\">Omi\u0161<\/figcaption><\/figure>\n\n\n\n<p>Az izgalomra v\u00e1gy\u00f3k \u00e9s a term\u00e9szet szerelmesei sz\u00e1m\u00e1ra <a href=\"https:\/\/www.adriagate.com\/Horvatorszag-hu\/Szallasok-Omis\" target=\"_blank\" rel=\"noreferrer noopener\">Omi\u0161 <\/a>felejthetetlen \u00e9lm\u00e9nyt k\u00edn\u00e1l 2025-ben. A dr\u00e1mai szikl\u00e1k \u00e9s a Cetina foly\u00f3 k\u00f6z\u00f6tt megb\u00fav\u00f3 v\u00e1ros a szabadt\u00e9ri szerelmesek j\u00e1tsz\u00f3tere. A kanyont \u00e1tszel\u0151 cipz\u00e1ras b\u00e9l\u00e9s biztos\u00edtja az adrenalint \u00e9s p\u00e1ratlan kil\u00e1t\u00e1st a lenti foly\u00f3ra. A t\u00f6rt\u00e9nelem szerelmesei felm\u00e1szhatnak a Fortica er\u0151dbe, ahol az Adriai-tengerre \u00e9s a k\u00f6rnyez\u0151 hegyekre ny\u00edl\u00f3 panor\u00e1ma meg\u00e9ri az er\u0151fesz\u00edt\u00e9st. Egy kalandos nap ut\u00e1n \u00e9lvezze a hagyom\u00e1nyos dalm\u00e1t vacsor\u00e1t, mint p\u00e9ld\u00e1ul a soparnik, egy helyi finoms\u00e1g, amely a v\u00e1ros gazdag kulin\u00e1ris \u00f6r\u00f6ks\u00e9g\u00e9t t\u00fckr\u00f6zi.<\/p>\n\n\n\n<h2 class=\"wp-block-heading\">7. Jelsa (Hvar-sziget): Szigeti elegancia<\/h2>\n\n\n\n<p>A Hvar-szigeten tal\u00e1lhat\u00f3 Jelsa elb\u0171v\u00f6l\u0151 \u00fati c\u00e9l, ahol mindenki tal\u00e1l valamit. Nyugodt hangulata, leny\u0171g\u00f6z\u0151 term\u00e9szete \u00e9s kultur\u00e1lis gazdags\u00e1ga ide\u00e1liss\u00e1 teszik egy 2025-\u00f6s kiruccan\u00e1shoz.<\/p>\n\n\n\n<figure class=\"wp-block-image size-large\"><img loading=\"lazy\" decoding=\"async\" width=\"1024\" height=\"353\" src=\"https:\/\/blog1.adriagate.com\/wp-content\/uploads\/2025\/01\/Jelsa-2-1024x353.png\" alt=\"Jelsa, island Hvar\" class=\"wp-image-20524\" srcset=\"https:\/\/blog1.adriagate.com\/wp-content\/uploads\/2025\/01\/Jelsa-2-1024x353.png 1024w, https:\/\/blog1.adriagate.com\/wp-content\/uploads\/2025\/01\/Jelsa-2-300x104.png 300w, https:\/\/blog1.adriagate.com\/wp-content\/uploads\/2025\/01\/Jelsa-2-768x265.png 768w, https:\/\/blog1.adriagate.com\/wp-content\/uploads\/2025\/01\/Jelsa-2-1536x530.png 1536w, https:\/\/blog1.adriagate.com\/wp-content\/uploads\/2025\/01\/Jelsa-2-696x240.png 696w, https:\/\/blog1.adriagate.com\/wp-content\/uploads\/2025\/01\/Jelsa-2-1920x662.png 1920w, https:\/\/blog1.adriagate.com\/wp-content\/uploads\/2025\/01\/Jelsa-2-1217x420.png 1217w, https:\/\/blog1.adriagate.com\/wp-content\/uploads\/2025\/01\/Jelsa-2.png 2000w\" sizes=\"auto, (max-width: 1024px) 100vw, 1024px\" \/><figcaption class=\"wp-element-caption\">Jelsa, island Hvar<\/figcaption><\/figure>\n\n\n\n<p>A <a href=\"https:\/\/www.adriagate.com\/Horvatorszag-hu\/Szallasok-Hvar-sziget\" target=\"_blank\" rel=\"noreferrer noopener\">Hvar sziget\u00e9n<\/a> tal\u00e1lhat\u00f3 Jelsa nyugalmat \u00e9s b\u00e1jt \u00e1raszt, megszil\u00e1rd\u00edtva hely\u00e9t Horv\u00e1torsz\u00e1g legn\u00e9pszer\u0171bb \u00fati c\u00e9ljai k\u00f6z\u00f6tt, \u00e9s 2025-ben k\u00f6telez\u0151 l\u00e1togat\u00e1st tesz. Kezdje l\u00e1togat\u00e1s\u00e1t a v\u00e1ros t\u00f6rt\u00e9nelmi k\u00f6zpontj\u00e1nak felfedez\u00e9s\u00e9vel, ahol furcsa utc\u00e1k \u00e9s hangulatos terek tal\u00e1lhat\u00f3k. h\u00edvogat\u00f3 l\u00e9gk\u00f6rt teremteni. Jelsa sz\u0151l\u0151\u00fcltetv\u00e9nyeir\u0151l \u00e9s olajfaligeteir\u0151l is ismert. Haszn\u00e1lja ki a lehet\u0151s\u00e9get, \u00e9s k\u00f3stolja meg a helyi borokat, k\u00f6zt\u00fck a h\u00edres Plavac Mali bort. Ezeket a borokat frissen sajtolt ol\u00edvaolajjal p\u00e1ros\u00edtj\u00e1k. A kikapcsol\u00f3d\u00e1sra v\u00e1gy\u00f3k sz\u00e1m\u00e1ra a k\u00f6zeli f\u00e9lrees\u0151 strandok t\u00f6k\u00e9letes k\u00f6rnyezetet biztos\u00edtanak a kikapcsol\u00f3d\u00e1sra. A rejtett \u00f6bl\u00f6k nyugodt helyet biztos\u00edtanak a sziget term\u00e9szeti sz\u00e9ps\u00e9g\u00e9nek \u00e9lvezet\u00e9hez.<\/p>\n\n\n\n<h2 class=\"wp-block-heading\">8. Trogir: Az UNESCO vil\u00e1g\u00f6r\u00f6ks\u00e9gi kincse<\/h2>\n\n\n\n<p>Trogir egy tengerparti gy\u00f6ngyszem, tele k\u00f6z\u00e9pkori b\u00e1jjal. Sz\u0171k utc\u00e1i, t\u00f6rt\u00e9nelmi \u00e9p\u00edt\u00e9szete \u00e9s ny\u00fczsg\u0151 kik\u00f6t\u0151je felejthetetlen \u00faj\u00e9vi c\u00e9lpontt\u00e1 teszik.<\/p>\n\n\n\n<figure class=\"wp-block-image size-large\"><img loading=\"lazy\" decoding=\"async\" width=\"1024\" height=\"353\" src=\"https:\/\/blog1.adriagate.com\/wp-content\/uploads\/2025\/01\/trogir-2-1024x353.png\" alt=\"Trogir\" class=\"wp-image-20477\" srcset=\"https:\/\/blog1.adriagate.com\/wp-content\/uploads\/2025\/01\/trogir-2-1024x353.png 1024w, https:\/\/blog1.adriagate.com\/wp-content\/uploads\/2025\/01\/trogir-2-300x104.png 300w, https:\/\/blog1.adriagate.com\/wp-content\/uploads\/2025\/01\/trogir-2-768x265.png 768w, https:\/\/blog1.adriagate.com\/wp-content\/uploads\/2025\/01\/trogir-2-1536x530.png 1536w, https:\/\/blog1.adriagate.com\/wp-content\/uploads\/2025\/01\/trogir-2-696x240.png 696w, https:\/\/blog1.adriagate.com\/wp-content\/uploads\/2025\/01\/trogir-2-1920x662.png 1920w, https:\/\/blog1.adriagate.com\/wp-content\/uploads\/2025\/01\/trogir-2-1217x420.png 1217w, https:\/\/blog1.adriagate.com\/wp-content\/uploads\/2025\/01\/trogir-2.png 2000w\" sizes=\"auto, (max-width: 1024px) 100vw, 1024px\" \/><figcaption class=\"wp-element-caption\">Trogir<\/figcaption><\/figure>\n\n\n\n<p><a href=\"https:\/\/www.adriagate.com\/Horvatorszag-hu\/Szallasok-Trogir\" target=\"_blank\" rel=\"noreferrer noopener\">Trogir<\/a>, amelyet gyakran &#8220;skanzenk\u00e9nt&#8221; emlegetnek, 2025-ben k\u00f6telez\u0151 l\u00e1togat\u00e1s a t\u00f6rt\u00e9nelem szerelmeseinek. Kezdje utaz\u00e1s\u00e1t az UNESCO \u00e1ltal v\u00e9dett \u00f3v\u00e1ros felfedez\u00e9s\u00e9vel, ahol a k\u00f6z\u00e9pkori utc\u00e1k olyan \u00e9p\u00edt\u00e9szeti gy\u00f6ngyszemekhez vezetnek, mint a Szent Istv\u00e1n-sz\u00e9kesegyh\u00e1z. L\u0151rinc. A Kamerlengo-er\u0151d l\u00e1togat\u00e1sa bepillant\u00e1st enged Trogir mes\u00e9s m\u00faltj\u00e1ba. Hihetetlen kil\u00e1t\u00e1s ny\u00edlik a v\u00e1rosra \u00e9s k\u00f6rny\u00e9k\u00e9re. A nap v\u00e9g\u00e9n a v\u00edzparton \u00e9tkezhet. R\u00e1ad\u00e1sul a friss tenger gy\u00fcm\u00f6lcsei \u00e9s a dalm\u00e1t borok t\u00f6k\u00e9letesen passzolnak e t\u00f6rt\u00e9nelmi gy\u00f6ngyszem hangulat\u00e1hoz.<\/p>\n\n\n\n<p>Horv\u00e1torsz\u00e1g 2025-ben egy olyan \u00fati c\u00e9l, amely v\u00e9gtelen lehet\u0151s\u00e9geket k\u00edn\u00e1l a felfedez\u00e9sre, a kikapcsol\u00f3d\u00e1sra \u00e9s a kultur\u00e1lis felfedez\u00e9sre, \u00e9s szil\u00e1rdan meg\u00e1llja a hely\u00e9t Horv\u00e1torsz\u00e1g legjobb \u00fati c\u00e9ljai k\u00f6z\u00f6tt. Ak\u00e1r Trogir t\u00f6rt\u00e9nelmi var\u00e1zsa, ak\u00e1r Primo\u0161ten b\u00e9k\u00e9s sz\u0151l\u0151\u00fcltetv\u00e9nyei, ak\u00e1r Omi\u0161 kalandos szelleme vonzza \u00d6nt, minden \u00fati c\u00e9l egyedi \u00e9lm\u00e9nyt ny\u00fajt. Ezenk\u00edv\u00fcl ezek a helyek minden utaz\u00f3 sz\u00e1m\u00e1ra ny\u00fajtanak valamit, a nyugodt kiruccan\u00e1sokt\u00f3l az adrenalinpumpa kalandokig. V\u00e9gezet\u00fcl, tegye ezt az \u00e9vet rendk\u00edv\u00fcliv\u00e9 azzal, hogy elindul egy utaz\u00e1sra Horv\u00e1torsz\u00e1g legleny\u0171g\u00f6z\u0151bb helyein.<\/p>\n","protected":false},"excerpt":{"rendered":"<p>Az \u00faj \u00e9v \u00faj lehet\u0151s\u00e9geket k\u00edn\u00e1l a leny\u0171g\u00f6z\u0151 \u00fati c\u00e9lok felfedez\u00e9s\u00e9re \u00e9s felejthetetlen eml\u00e9kek teremt\u00e9s\u00e9re. Horv\u00e1torsz\u00e1g, amely arr\u00f3l ismert, hogy Horv\u00e1torsz\u00e1g egyik legn\u00e9pszer\u0171bb \u00fati c\u00e9lja, gazdag kult\u00far\u00e1t, l\u00e9legzetel\u00e1ll\u00edt\u00f3 t\u00e1jakat \u00e9s ny\u00fczsg\u0151 tengerparti v\u00e1rosokat k\u00edn\u00e1l, sz\u00e1mtalan okot adva a l\u00e1togat\u00e1sra 2025-ben. Ak\u00e1r kikapcsol\u00f3d\u00e1sra, kalandra, ak\u00e1r autentikus helyi \u00e9lm\u00e9nyekre v\u00e1gyik, ezeknek az \u00fati c\u00e9loknak \u00e9rdemes legyen az [&hellip;]<\/p>\n","protected":false},"author":1,"featured_media":20557,"comment_status":"closed","ping_status":"closed","sticky":false,"template":"","format":"standard","meta":{"footnotes":""},"categories":[10,12,13,14,16,18],"tags":[],"class_list":{"0":"post-20588","1":"post","2":"type-post","3":"status-publish","4":"format-standard","5":"has-post-thumbnail","7":"category-adventure-tours","8":"category-city-guide","9":"category-culture-tradition","10":"category-family-holidays","11":"category-news-events","12":"category-romantic-holiday"},"yoast_head":"<!-- This site is optimized with the Yoast SEO plugin v20.4 - https:\/\/yoast.com\/wordpress\/plugins\/seo\/ -->\n<title>A legn\u00e9pszer\u0171bb horv\u00e1torsz\u00e1gi \u00fati c\u00e9lok 2025-ben - TRAVEL BLOG<\/title>\n<meta name=\"description\" content=\"Tervezze meg utaz\u00e1sait 2025-re, \u00e9s fedezze fel Horv\u00e1torsz\u00e1g legn\u00e9pszer\u0171bb \u00fati c\u00e9ljait! Fedezze fel Splitet, Trogirt, Crikvenic\u00e1t, Vodic\u00e9t...\" \/>\n<meta name=\"robots\" content=\"index, follow, max-snippet:-1, max-image-preview:large, max-video-preview:-1\" \/>\n<link rel=\"canonical\" href=\"https:\/\/www.adriagate.com\/blog\/en\/a-legnepszerubb-horvatorszagi-uti-celok-2025-ben\/\" \/>\n<meta property=\"og:locale\" content=\"en_US\" \/>\n<meta property=\"og:type\" content=\"article\" \/>\n<meta property=\"og:title\" content=\"A legn\u00e9pszer\u0171bb horv\u00e1torsz\u00e1gi \u00fati c\u00e9lok 2025-ben - TRAVEL BLOG\" \/>\n<meta property=\"og:description\" content=\"Tervezze meg utaz\u00e1sait 2025-re, \u00e9s fedezze fel Horv\u00e1torsz\u00e1g legn\u00e9pszer\u0171bb \u00fati c\u00e9ljait! Fedezze fel Splitet, Trogirt, Crikvenic\u00e1t, Vodic\u00e9t...\" \/>\n<meta property=\"og:url\" content=\"https:\/\/blog1.adriagate.com\/hu\/a-legnepszerubb-horvatorszagi-uti-celok-2025-ben\/\" \/>\n<meta property=\"og:site_name\" content=\"TRAVEL BLOG\" \/>\n<meta property=\"article:published_time\" content=\"2025-01-09T11:52:07+00:00\" \/>\n<meta property=\"article:modified_time\" content=\"2025-01-09T11:52:09+00:00\" \/>\n<meta property=\"og:image\" content=\"https:\/\/blog1.adriagate.com\/wp-content\/uploads\/2025\/01\/Primosten-4-min.png\" \/>\n\t<meta property=\"og:image:width\" content=\"1200\" \/>\n\t<meta property=\"og:image:height\" content=\"628\" \/>\n\t<meta property=\"og:image:type\" content=\"image\/png\" \/>\n<meta name=\"author\" content=\"adriagate\" \/>\n<meta name=\"twitter:card\" content=\"summary_large_image\" \/>\n<meta name=\"twitter:label1\" content=\"Written by\" \/>\n\t<meta name=\"twitter:data1\" content=\"adriagate\" \/>\n\t<meta name=\"twitter:label2\" content=\"Est. reading time\" \/>\n\t<meta name=\"twitter:data2\" content=\"7 minutes\" \/>\n<script type=\"application\/ld+json\" class=\"yoast-schema-graph\">{\"@context\":\"https:\/\/schema.org\",\"@graph\":[{\"@type\":\"WebPage\",\"@id\":\"https:\/\/blog1.adriagate.com\/hu\/a-legnepszerubb-horvatorszagi-uti-celok-2025-ben\/\",\"url\":\"https:\/\/blog1.adriagate.com\/hu\/a-legnepszerubb-horvatorszagi-uti-celok-2025-ben\/\",\"name\":\"A legn\u00e9pszer\u0171bb horv\u00e1torsz\u00e1gi \u00fati c\u00e9lok 2025-ben - TRAVEL BLOG\",\"isPartOf\":{\"@id\":\"https:\/\/blog1.adriagate.com\/en\/#website\"},\"datePublished\":\"2025-01-09T11:52:07+00:00\",\"dateModified\":\"2025-01-09T11:52:09+00:00\",\"author\":{\"@id\":\"https:\/\/blog1.adriagate.com\/en\/#\/schema\/person\/245da990fbb6d82f4ea7433429f798b9\"},\"description\":\"Tervezze meg utaz\u00e1sait 2025-re, \u00e9s fedezze fel Horv\u00e1torsz\u00e1g legn\u00e9pszer\u0171bb \u00fati c\u00e9ljait! Fedezze fel Splitet, Trogirt, Crikvenic\u00e1t, Vodic\u00e9t...\",\"breadcrumb\":{\"@id\":\"https:\/\/blog1.adriagate.com\/hu\/a-legnepszerubb-horvatorszagi-uti-celok-2025-ben\/#breadcrumb\"},\"inLanguage\":\"en-US\",\"potentialAction\":[{\"@type\":\"ReadAction\",\"target\":[\"https:\/\/blog1.adriagate.com\/hu\/a-legnepszerubb-horvatorszagi-uti-celok-2025-ben\/\"]}]},{\"@type\":\"BreadcrumbList\",\"@id\":\"https:\/\/blog1.adriagate.com\/hu\/a-legnepszerubb-horvatorszagi-uti-celok-2025-ben\/#breadcrumb\",\"itemListElement\":[{\"@type\":\"ListItem\",\"position\":1,\"name\":\"Home\",\"item\":\"https:\/\/blog1.adriagate.com\/en\/\"},{\"@type\":\"ListItem\",\"position\":2,\"name\":\"A legn\u00e9pszer\u0171bb horv\u00e1torsz\u00e1gi \u00fati c\u00e9lok 2025-ben\"}]},{\"@type\":\"WebSite\",\"@id\":\"https:\/\/blog1.adriagate.com\/en\/#website\",\"url\":\"https:\/\/blog1.adriagate.com\/en\/\",\"name\":\"TRAVEL BLOG\",\"description\":\"Powered by Adriagate\",\"potentialAction\":[{\"@type\":\"SearchAction\",\"target\":{\"@type\":\"EntryPoint\",\"urlTemplate\":\"https:\/\/blog1.adriagate.com\/en\/?s={search_term_string}\"},\"query-input\":\"required name=search_term_string\"}],\"inLanguage\":\"en-US\"},{\"@type\":\"Person\",\"@id\":\"https:\/\/blog1.adriagate.com\/en\/#\/schema\/person\/245da990fbb6d82f4ea7433429f798b9\",\"name\":\"adriagate\",\"image\":{\"@type\":\"ImageObject\",\"inLanguage\":\"en-US\",\"@id\":\"https:\/\/blog1.adriagate.com\/en\/#\/schema\/person\/image\/\",\"url\":\"https:\/\/secure.gravatar.com\/avatar\/fe66b8695c2e24aee049c361c50d4c142186213aa1863e52c9fdc29ea7d733c2?s=96&d=mm&r=g\",\"contentUrl\":\"https:\/\/secure.gravatar.com\/avatar\/fe66b8695c2e24aee049c361c50d4c142186213aa1863e52c9fdc29ea7d733c2?s=96&d=mm&r=g\",\"caption\":\"adriagate\"}}]}<\/script>\n<!-- \/ Yoast SEO plugin. -->","yoast_head_json":{"title":"A legn\u00e9pszer\u0171bb horv\u00e1torsz\u00e1gi \u00fati c\u00e9lok 2025-ben - TRAVEL BLOG","description":"Tervezze meg utaz\u00e1sait 2025-re, \u00e9s fedezze fel Horv\u00e1torsz\u00e1g legn\u00e9pszer\u0171bb \u00fati c\u00e9ljait! Fedezze fel Splitet, Trogirt, Crikvenic\u00e1t, Vodic\u00e9t...","robots":{"index":"index","follow":"follow","max-snippet":"max-snippet:-1","max-image-preview":"max-image-preview:large","max-video-preview":"max-video-preview:-1"},"canonical":"https:\/\/www.adriagate.com\/blog\/en\/a-legnepszerubb-horvatorszagi-uti-celok-2025-ben\/","og_locale":"en_US","og_type":"article","og_title":"A legn\u00e9pszer\u0171bb horv\u00e1torsz\u00e1gi \u00fati c\u00e9lok 2025-ben - TRAVEL BLOG","og_description":"Tervezze meg utaz\u00e1sait 2025-re, \u00e9s fedezze fel Horv\u00e1torsz\u00e1g legn\u00e9pszer\u0171bb \u00fati c\u00e9ljait! Fedezze fel Splitet, Trogirt, Crikvenic\u00e1t, Vodic\u00e9t...","og_url":"https:\/\/blog1.adriagate.com\/hu\/a-legnepszerubb-horvatorszagi-uti-celok-2025-ben\/","og_site_name":"TRAVEL BLOG","article_published_time":"2025-01-09T11:52:07+00:00","article_modified_time":"2025-01-09T11:52:09+00:00","og_image":[{"width":1200,"height":628,"url":"https:\/\/blog1.adriagate.com\/wp-content\/uploads\/2025\/01\/Primosten-4-min.png","type":"image\/png"}],"author":"adriagate","twitter_card":"summary_large_image","twitter_misc":{"Written by":"adriagate","Est. reading time":"7 minutes"},"schema":{"@context":"https:\/\/schema.org","@graph":[{"@type":"WebPage","@id":"https:\/\/blog1.adriagate.com\/hu\/a-legnepszerubb-horvatorszagi-uti-celok-2025-ben\/","url":"https:\/\/blog1.adriagate.com\/hu\/a-legnepszerubb-horvatorszagi-uti-celok-2025-ben\/","name":"A legn\u00e9pszer\u0171bb horv\u00e1torsz\u00e1gi \u00fati c\u00e9lok 2025-ben - TRAVEL BLOG","isPartOf":{"@id":"https:\/\/blog1.adriagate.com\/en\/#website"},"datePublished":"2025-01-09T11:52:07+00:00","dateModified":"2025-01-09T11:52:09+00:00","author":{"@id":"https:\/\/blog1.adriagate.com\/en\/#\/schema\/person\/245da990fbb6d82f4ea7433429f798b9"},"description":"Tervezze meg utaz\u00e1sait 2025-re, \u00e9s fedezze fel Horv\u00e1torsz\u00e1g legn\u00e9pszer\u0171bb \u00fati c\u00e9ljait! Fedezze fel Splitet, Trogirt, Crikvenic\u00e1t, Vodic\u00e9t...","breadcrumb":{"@id":"https:\/\/blog1.adriagate.com\/hu\/a-legnepszerubb-horvatorszagi-uti-celok-2025-ben\/#breadcrumb"},"inLanguage":"en-US","potentialAction":[{"@type":"ReadAction","target":["https:\/\/blog1.adriagate.com\/hu\/a-legnepszerubb-horvatorszagi-uti-celok-2025-ben\/"]}]},{"@type":"BreadcrumbList","@id":"https:\/\/blog1.adriagate.com\/hu\/a-legnepszerubb-horvatorszagi-uti-celok-2025-ben\/#breadcrumb","itemListElement":[{"@type":"ListItem","position":1,"name":"Home","item":"https:\/\/blog1.adriagate.com\/en\/"},{"@type":"ListItem","position":2,"name":"A legn\u00e9pszer\u0171bb horv\u00e1torsz\u00e1gi \u00fati c\u00e9lok 2025-ben"}]},{"@type":"WebSite","@id":"https:\/\/blog1.adriagate.com\/en\/#website","url":"https:\/\/blog1.adriagate.com\/en\/","name":"TRAVEL BLOG","description":"Powered by Adriagate","potentialAction":[{"@type":"SearchAction","target":{"@type":"EntryPoint","urlTemplate":"https:\/\/blog1.adriagate.com\/en\/?s={search_term_string}"},"query-input":"required name=search_term_string"}],"inLanguage":"en-US"},{"@type":"Person","@id":"https:\/\/blog1.adriagate.com\/en\/#\/schema\/person\/245da990fbb6d82f4ea7433429f798b9","name":"adriagate","image":{"@type":"ImageObject","inLanguage":"en-US","@id":"https:\/\/blog1.adriagate.com\/en\/#\/schema\/person\/image\/","url":"https:\/\/secure.gravatar.com\/avatar\/fe66b8695c2e24aee049c361c50d4c142186213aa1863e52c9fdc29ea7d733c2?s=96&d=mm&r=g","contentUrl":"https:\/\/secure.gravatar.com\/avatar\/fe66b8695c2e24aee049c361c50d4c142186213aa1863e52c9fdc29ea7d733c2?s=96&d=mm&r=g","caption":"adriagate"}}]}},"_links":{"self":[{"href":"https:\/\/blog1.adriagate.com\/wp-json\/wp\/v2\/posts\/20588","targetHints":{"allow":["GET"]}}],"collection":[{"href":"https:\/\/blog1.adriagate.com\/wp-json\/wp\/v2\/posts"}],"about":[{"href":"https:\/\/blog1.adriagate.com\/wp-json\/wp\/v2\/types\/post"}],"author":[{"embeddable":true,"href":"https:\/\/blog1.adriagate.com\/wp-json\/wp\/v2\/users\/1"}],"replies":[{"embeddable":true,"href":"https:\/\/blog1.adriagate.com\/wp-json\/wp\/v2\/comments?post=20588"}],"version-history":[{"count":1,"href":"https:\/\/blog1.adriagate.com\/wp-json\/wp\/v2\/posts\/20588\/revisions"}],"predecessor-version":[{"id":20589,"href":"https:\/\/blog1.adriagate.com\/wp-json\/wp\/v2\/posts\/20588\/revisions\/20589"}],"wp:featuredmedia":[{"embeddable":true,"href":"https:\/\/blog1.adriagate.com\/wp-json\/wp\/v2\/media\/20557"}],"wp:attachment":[{"href":"https:\/\/blog1.adriagate.com\/wp-json\/wp\/v2\/media?parent=20588"}],"wp:term":[{"taxonomy":"category","embeddable":true,"href":"https:\/\/blog1.adriagate.com\/wp-json\/wp\/v2\/categories?post=20588"},{"taxonomy":"post_tag","embeddable":true,"href":"https:\/\/blog1.adriagate.com\/wp-json\/wp\/v2\/tags?post=20588"}],"curies":[{"name":"wp","href":"https:\/\/api.w.org\/{rel}","templated":true}]}}