{"id":20429,"date":"2024-12-11T13:29:32","date_gmt":"2024-12-11T12:29:32","guid":{"rendered":"https:\/\/blog1.adriagate.com\/?p=20429"},"modified":"2024-12-13T14:25:32","modified_gmt":"2024-12-13T13:25:32","slug":"a-leginkabb-instagram-beirhato-helyek-horvatorszagban-reszletes-utmutato-a-tokeletes-fotok-es-alombeli-tartozkodasokhoz","status":"publish","type":"post","link":"https:\/\/blog1.adriagate.com\/hu\/a-leginkabb-instagram-beirhato-helyek-horvatorszagban-reszletes-utmutato-a-tokeletes-fotok-es-alombeli-tartozkodasokhoz\/","title":{"rendered":"A legink\u00e1bb Instagram-be\u00edrhat\u00f3 helyek Horv\u00e1torsz\u00e1gban: R\u00e9szletes \u00fatmutat\u00f3 a t\u00f6k\u00e9letes fot\u00f3k \u00e9s \u00e1lombeli tart\u00f3zkod\u00e1sokhoz"},"content":{"rendered":"\n<p>Horv\u00e1torsz\u00e1g tele van rejtett \u00e9s j\u00f3l ismert gy\u00f6ngyszemekkel, amelyek leny\u0171g\u00f6z\u0151 kil\u00e1t\u00e1st k\u00edn\u00e1lnak az Instagram-h\u00edrfolyamodhoz. A dr\u00e1mai hegycs\u00facsokt\u00f3l a rejtett strandokig \u00e9s a b\u00e1jos v\u00e1rosi utc\u00e1kig \u2013 az orsz\u00e1g minden szeglet\u00e9ben van egy t\u00f6rt\u00e9net, amely elmes\u00e9l\u00e9sre v\u00e1r a fot\u00f3idon kereszt\u00fcl.<\/p>\n\n\n\n<p>Ebben a blogban bemutatjuk az \u00f6t legfotog\u00e9nebb horv\u00e1torsz\u00e1gi helysz\u00ednt, \u00fatbaigaz\u00edt\u00e1sokkal, tippekkel a legjobb felv\u00e9telek k\u00e9sz\u00edt\u00e9s\u00e9hez, valamint az Adriagate sz\u00e1ll\u00e1saj\u00e1nlataival. K\u00e9sz\u00fclj\u00f6n fel a felfedez\u00e9sre \u00e9s olyan eml\u00e9kek teremt\u00e9s\u00e9re, amelyek felejthetetlenn\u00e9 teszik horv\u00e1torsz\u00e1gi tart\u00f3zkod\u00e1s\u00e1t!<\/p>\n\n\n\n<h3 class=\"wp-block-heading\"><strong>1. Sr\u0111 \u2013 Dubrovnik mad\u00e1rt\u00e1vlat\u00e1b\u00f3l<\/strong><\/h3>\n\n\n\n<div style=\"max-width: 350px; overflow: hidden;\">\n    <blockquote class=\"instagram-media\" data-instgrm-permalink=\"https:\/\/www.instagram.com\/p\/C8UNhtYM2jr\/?igsh=Z2V6bXF4dHQzaWsy\" data-instgrm-version=\"14\" style=\"margin: auto;\">\n    <\/blockquote>\n    <script async=\"\" src=\"\/\/www.instagram.com\/embed.js\"><\/script>\n<\/div>\n\n\n\n<p><strong>Hogyan juthat el?<\/strong><\/p>\n\n\n\n<p>A Sr\u0111-hegy Dubrovnik felett magasodik, \u00e9s az egyik legcsod\u00e1latosabb kil\u00e1t\u00e1st k\u00edn\u00e1lja az eg\u00e9sz v\u00e1rosra \u00e9s az Adriai-tengerre. A cs\u00facsra t\u00f6bb m\u00f3don is eljuthat:<\/p>\n\n\n\n<ul class=\"wp-block-list\">\n<li><strong>Felvon\u00f3<\/strong> a r\u00e9gi v\u00e1rosk\u00f6zpontb\u00f3l (4 perces \u00fatra).<\/li>\n\n\n\n<li><strong>Hajtson <\/strong>a tetej\u00e9n l\u00e9v\u0151 parkol\u00f3ba (15 percre a k\u00f6zpontt\u00f3l).<\/li>\n\n\n\n<li><strong>A Pile Gate-t\u0151l <\/strong>indul\u00f3 t\u00fara\u00fatvonal (kb. 1 \u00f3r\u00e1s emelked\u0151, t\u00f6k\u00e9letes a t\u00far\u00e1z\u00e1s szerelmeseinek).<\/li>\n<\/ul>\n\n\n\n<p><strong>Tippek a t\u00f6k\u00e9letes felv\u00e9telhez:<\/strong><\/p>\n\n\n\n<ul class=\"wp-block-list\">\n<li>A legjobb id\u0151 a fot\u00f3z\u00e1sra a naplemente, amikor Dubrovnik arany \u00e1rnyalatokban f\u00fcrd\u0151zik.<\/li>\n\n\n\n<li>Haszn\u00e1ljon nagyl\u00e1t\u00f3sz\u00f6g\u0171 objekt\u00edvet, hogy meg\u00f6r\u00f6k\u00edtse az eg\u00e9sz \u00f3v\u00e1rost \u00e9s er\u0151d\u00edtm\u00e9nyeit.<\/li>\n\n\n\n<li>Ha van dr\u00f3nod, rep\u00edtsd fel a birodalmi er\u0151d f\u00f6l\u00e9, hogy p\u00e1ratlan kil\u00e1t\u00e1st kapj.<\/li>\n<\/ul>\n\n\n\n<p><strong>Hol kell megsz\u00e1llni?<\/strong><\/p>\n\n\n\n<p>A <strong><a href=\"https:\/\/www.adriagate-villas.com\/en\/villas\/villa-franica-70191?from=&amp;to=&amp;guests=2&amp;adults=2&amp;teens=0&amp;children=0&amp;infants=0\" target=\"_blank\" rel=\"noreferrer noopener\">Villa Franica<\/a><\/strong> az Adriagate-b\u00f3l aj\u00e1nljuk. Ez a hagyom\u00e1nyos villa Dubrovnik t\u00f6rt\u00e9nelmi k\u00f6zpontja k\u00f6zel\u00e9ben, autentikus \u00e9p\u00edt\u00e9szettel \u00e9s leny\u0171g\u00f6z\u0151 tengeri kil\u00e1t\u00e1ssal rendelkezik, t\u00f6k\u00e9letes h\u00e1tteret biztos\u00edtva tart\u00f3zkod\u00e1s\u00e1hoz.<\/p>\n\n\n\n<figure class=\"wp-block-image size-large is-resized\"><a href=\"https:\/\/www.adriagate-villas.com\/en\/villas\/villa-franica-70191?from=&amp;to=&amp;guests=2&amp;adults=2&amp;teens=0&amp;children=0&amp;infants=0\" target=\"_blank\" rel=\"noreferrer noopener\"><img loading=\"lazy\" decoding=\"async\" src=\"https:\/\/blog1.adriagate.com\/wp-content\/uploads\/2024\/12\/Untitled-design-2024-12-10T133257.701-1024x256.png\" alt=\"\" class=\"wp-image-20363\" width=\"1024\" height=\"256\" srcset=\"https:\/\/blog1.adriagate.com\/wp-content\/uploads\/2024\/12\/Untitled-design-2024-12-10T133257.701-1024x256.png 1024w, https:\/\/blog1.adriagate.com\/wp-content\/uploads\/2024\/12\/Untitled-design-2024-12-10T133257.701-300x75.png 300w, https:\/\/blog1.adriagate.com\/wp-content\/uploads\/2024\/12\/Untitled-design-2024-12-10T133257.701-768x192.png 768w, https:\/\/blog1.adriagate.com\/wp-content\/uploads\/2024\/12\/Untitled-design-2024-12-10T133257.701-696x174.png 696w, https:\/\/blog1.adriagate.com\/wp-content\/uploads\/2024\/12\/Untitled-design-2024-12-10T133257.701.png 1200w\" sizes=\"auto, (max-width: 1024px) 100vw, 1024px\" \/><\/a><figcaption class=\"wp-element-caption\">Villa Franica &#8211; Dubrovnik<\/figcaption><\/figure>\n\n\n\n<div class=\"wp-block-buttons is-content-justification-center is-layout-flex wp-container-core-buttons-is-layout-16018d1d wp-block-buttons-is-layout-flex\">\n<div class=\"wp-block-button is-style-fill\"><a class=\"wp-block-button__link has-background wp-element-button\" href=\"https:\/\/www.adriagate-villas.com\/en\/villas?q=Dubrovnik&amp;from=&amp;to=&amp;guests=2&amp;adults=2&amp;teens=0&amp;children=0&amp;infants=0&amp;Search=&amp;s=1\" style=\"background-color:#926a3b\" target=\"_blank\" rel=\"noreferrer noopener\">B\u00f6ng\u00e9sszen a Dubrovnik melletti villak\u00edn\u00e1latunkban<\/a><\/div>\n<\/div>\n\n\n\n<h3 class=\"wp-block-heading\"><strong>2. Pasja\u010da strand \u2013 Rejtett gy\u00f6ngyszem Konavl\u00e9ben<\/strong><\/h3>\n\n\n\n<div style=\"max-width: 350px; overflow: hidden;\">\n    <blockquote class=\"instagram-media\" data-instgrm-permalink=\"https:\/\/www.instagram.com\/p\/CDwWmUljMYC\/?utm_source=ig_web_copy_link&amp;igsh=MzRlODBiNWFlZA==\" data-instgrm-version=\"14\" style=\"margin: auto;\">\n    <\/blockquote>\n    <script async=\"\" src=\"\/\/www.instagram.com\/embed.js\"><\/script>\n<\/div>\n\n\n\n<p><strong>Hogyan juthat el?<\/strong><\/p>\n\n\n\n<p>A Pasja\u010da Konavle v\u00e1ros\u00e1ban tal\u00e1lhat\u00f3, k\u00f6r\u00fclbel\u00fcl 30 perces aut\u00f3\u00fatra Dubrovnik v\u00e1ros\u00e1t\u00f3l. A sok l\u00e9pcs\u0151s \u00f6sv\u00e9ny meredek szikl\u00e1n ereszkedik le a tengerpartra. Noha a hozz\u00e1f\u00e9r\u00e9s neh\u00e9zkes, a jutalom egy f\u00e9lrees\u0151 strand krist\u00e1lytiszta v\u00edzzel \u00e9s dr\u00e1mai szikl\u00e1kkal.<\/p>\n\n\n\n<p><strong>Tippek a t\u00f6k\u00e9letes felv\u00e9telhez:<\/strong><\/p>\n\n\n\n<ul class=\"wp-block-list\">\n<li>K\u00e9sz\u00edtsen felv\u00e9telt a l\u00e9pcs\u0151 tetej\u00e9r\u0151l, hogy kiemelje a k\u00e9k tenger \u00e9s a leny\u0171g\u00f6z\u0151 szikl\u00e1k k\u00f6z\u00f6tti kontrasztot.<\/li>\n\n\n\n<li>\u00c9rkezz kora reggel a l\u00e1gy f\u00e9ny\u00e9rt \u00e9s a t\u00f6meg elker\u00fcl\u00e9se \u00e9rdek\u00e9ben.<\/li>\n\n\n\n<li>Haszn\u00e1ljon polariz\u00e1l\u00f3 sz\u0171r\u0151t a t\u00fckr\u00f6z\u0151d\u00e9s cs\u00f6kkent\u00e9s\u00e9re \u00e9s a k\u00e9k \u00e9l\u00e9nk \u00e1rnyalatainak fokoz\u00e1s\u00e1ra.<\/li>\n<\/ul>\n\n\n\n<p><strong>Hol kell megsz\u00e1llni?<\/strong><\/p>\n\n\n\n<p>Az Adriagate <strong><a href=\"https:\/\/www.adriagate-villas.com\/en\/villas\/villa-dubrovnik-chalets-192919?q=Dubrovnik&amp;from=&amp;to=&amp;guests=2&amp;adults=2&amp;teens=0&amp;children=0&amp;infants=0&amp;Search=&amp;s=1\" target=\"_blank\" rel=\"noreferrer noopener\">Villa Dubrovnik Chalets<\/a><\/strong> b\u00e9k\u00e9t \u00e9s mag\u00e1n\u00e9letet k\u00edn\u00e1l, t\u00f6k\u00e9letes Konavle \u00e9s Pasja\u010da strand felfedez\u00e9s\u00e9hez. A fest\u0151i Cavtat v\u00e1ros k\u00f6zel\u00e9ben tal\u00e1lhat\u00f3, ide\u00e1lis mened\u00e9khely.<\/p>\n\n\n\n<figure class=\"wp-block-image size-large\"><img loading=\"lazy\" decoding=\"async\" width=\"1024\" height=\"256\" src=\"https:\/\/blog1.adriagate.com\/wp-content\/uploads\/2024\/12\/Untitled-design-2024-12-10T134254.689-1024x256.png\" alt=\"Villa Dubrovnik Chalets - Cilipi\" class=\"wp-image-20373\" srcset=\"https:\/\/blog1.adriagate.com\/wp-content\/uploads\/2024\/12\/Untitled-design-2024-12-10T134254.689-1024x256.png 1024w, https:\/\/blog1.adriagate.com\/wp-content\/uploads\/2024\/12\/Untitled-design-2024-12-10T134254.689-300x75.png 300w, https:\/\/blog1.adriagate.com\/wp-content\/uploads\/2024\/12\/Untitled-design-2024-12-10T134254.689-768x192.png 768w, https:\/\/blog1.adriagate.com\/wp-content\/uploads\/2024\/12\/Untitled-design-2024-12-10T134254.689-696x174.png 696w, https:\/\/blog1.adriagate.com\/wp-content\/uploads\/2024\/12\/Untitled-design-2024-12-10T134254.689.png 1200w\" sizes=\"auto, (max-width: 1024px) 100vw, 1024px\" \/><figcaption class=\"wp-element-caption\">Villa Dubrovnik Chalets &#8211; Cilipi<\/figcaption><\/figure>\n\n\n\n<div class=\"wp-block-buttons is-content-justification-center is-layout-flex wp-container-core-buttons-is-layout-16018d1d wp-block-buttons-is-layout-flex\">\n<div class=\"wp-block-button is-style-fill\"><a class=\"wp-block-button__link has-background wp-element-button\" href=\"https:\/\/www.adriagate-villas.com\/en\/villas?q=Dubrovnik&amp;from=&amp;to=&amp;guests=2&amp;adults=2&amp;teens=0&amp;children=0&amp;infants=0&amp;Search=&amp;s=1\" style=\"background-color:#926a3b\" target=\"_blank\" rel=\"noreferrer noopener\">B\u00f6ng\u00e9sszen a Dubrovnik melletti villak\u00edn\u00e1latunkban<\/a><\/div>\n<\/div>\n\n\n\n<h3 class=\"wp-block-heading\"><strong>3. Rovinj\u2019s Streets \u2013 omantikus kil\u00e1t\u00e1s az Isztriai-partra<\/strong><\/h3>\n\n\n\n<div style=\"max-width: 350px; overflow: hidden;\">\n    <blockquote class=\"instagram-media\" data-instgrm-permalink=\"https:\/\/www.instagram.com\/p\/DCo-OAWtthI\/?utm_source=ig_web_copy_link&amp;igsh=MzRlODBiNWFlZA==\" data-instgrm-version=\"14\" style=\"margin: auto;\">\n    <\/blockquote>\n    <script async=\"\" src=\"\/\/www.instagram.com\/embed.js\"><\/script>\n<\/div>\n\n\n\n<p><strong>Hogyan juthat el oda?<\/strong><\/p>\n\n\n\n<p>Rovinj \u00f3v\u00e1rosa k\u00f6nnyen s\u00e9t\u00e1lhat\u00f3. Parkoljon a t\u00f6rt\u00e9nelmi k\u00f6zponton k\u00edv\u00fcl, \u00e9s s\u00e9t\u00e1ljon v\u00e9gig a macskak\u00f6ves utc\u00e1kon, amelyek a v\u00e1ros legmagasabb pontj\u00e1hoz, a Szent Euf\u00e9mia-templomhoz vezetnek.<\/p>\n\n\n\n<p><strong>Tippek a t\u00f6k\u00e9letes felv\u00e9telhez:<\/strong><\/p>\n\n\n\n<ul class=\"wp-block-list\">\n<li>Fedezze fel a Grisia \u00e9s Bregovita utc\u00e1kat, \u00e9s n\u00e9zze meg a tengerre ny\u00edl\u00f3 keskeny k\u0151sik\u00e1torok hihetetlen fot\u00f3it.<\/li>\n\n\n\n<li>A legjobb id\u0151 a fot\u00f3z\u00e1sra az arany\u00f3ra, amikor a nap meleg t\u00f3nusokat sug\u00e1roz a homlokzatokra.<\/li>\n\n\n\n<li>R\u00f6gz\u00edtsen olyan r\u00e9szleteket, mint a sz\u00ednes ablakok, az erk\u00e9lyen l\u00e9v\u0151 vir\u00e1gok \u00e9s az \u00f3v\u00e1ros \u00e9p\u00edt\u00e9szete a tov\u00e1bbi var\u00e1zs\u00e9rt.<\/li>\n<\/ul>\n\n\n\n<p><strong>Hol kell megsz\u00e1llni?<\/strong><\/p>\n\n\n\n<p>Az Adriagate-i <strong><a href=\"https:\/\/www.adriagate-villas.com\/en\/villas\/villa-branka-141497?from=&amp;to=&amp;guests=2&amp;adults=2&amp;teens=0&amp;children=0&amp;infants=0\" target=\"_blank\" rel=\"noreferrer noopener\">Villa Branka<\/a><\/strong> autentikus isztriai \u00e9lm\u00e9nyt k\u00edn\u00e1l Rovinj vid\u00e9k\u00e9n. Ez a villa \u00f6tv\u00f6zi a k\u00e9nyelmet a f\u0151bb l\u00e1tnival\u00f3khoz val\u00f3 k\u00f6zels\u00e9ggel.<\/p>\n\n\n\n<figure class=\"wp-block-image size-large\"><a href=\"https:\/\/www.adriagate-villas.com\/en\/villas\/villa-branka-141497?from=&amp;to=&amp;guests=2&amp;adults=2&amp;teens=0&amp;children=0&amp;infants=0\" target=\"_blank\" rel=\"noreferrer noopener\"><img loading=\"lazy\" decoding=\"async\" width=\"1024\" height=\"256\" src=\"https:\/\/blog1.adriagate.com\/wp-content\/uploads\/2024\/12\/Untitled-design-2024-12-10T134621.529-1024x256.png\" alt=\"Villa Branka - Rovinj\" class=\"wp-image-20381\" srcset=\"https:\/\/blog1.adriagate.com\/wp-content\/uploads\/2024\/12\/Untitled-design-2024-12-10T134621.529-1024x256.png 1024w, https:\/\/blog1.adriagate.com\/wp-content\/uploads\/2024\/12\/Untitled-design-2024-12-10T134621.529-300x75.png 300w, https:\/\/blog1.adriagate.com\/wp-content\/uploads\/2024\/12\/Untitled-design-2024-12-10T134621.529-768x192.png 768w, https:\/\/blog1.adriagate.com\/wp-content\/uploads\/2024\/12\/Untitled-design-2024-12-10T134621.529-696x174.png 696w, https:\/\/blog1.adriagate.com\/wp-content\/uploads\/2024\/12\/Untitled-design-2024-12-10T134621.529.png 1200w\" sizes=\"auto, (max-width: 1024px) 100vw, 1024px\" \/><\/a><figcaption class=\"wp-element-caption\">Villa Branka &#8211; Rovinj<\/figcaption><\/figure>\n\n\n\n<div class=\"wp-block-buttons is-content-justification-center is-layout-flex wp-container-core-buttons-is-layout-16018d1d wp-block-buttons-is-layout-flex\">\n<div class=\"wp-block-button is-style-fill\"><a class=\"wp-block-button__link has-background wp-element-button\" href=\"https:\/\/www.adriagate-villas.com\/en\/villas?q=rovinj&amp;from=&amp;to=&amp;guests=2&amp;adults=2&amp;teens=0&amp;children=0&amp;infants=0&amp;s=1\" style=\"background-color:#926a3b\" target=\"_blank\" rel=\"noreferrer noopener\">Tekintse meg Rovinj melletti villak\u00edn\u00e1latunkat<\/a><\/div>\n<\/div>\n\n\n\n<h3 class=\"wp-block-heading\"><strong>4. Brela szikla \u2013 Adriai ikonikus nevezetess\u00e9g<\/strong><\/h3>\n\n\n\n<div style=\"max-width: 350px; overflow: hidden;\">\n    <blockquote class=\"instagram-media\" data-instgrm-permalink=\"https:\/\/www.instagram.com\/p\/C9xa91ZtAO3\/?utm_source=ig_web_copy_link&amp;igsh=MzRlODBiNWFlZA==\" data-instgrm-version=\"14\" style=\"margin: auto;\">\n    <\/blockquote>\n    <script async=\"\" src=\"\/\/www.instagram.com\/embed.js\"><\/script>\n<\/div>\n\n\n\n<p><strong>Hogyan juthat el?<\/strong><\/p>\n\n\n\n<p>Brela a makarskai rivi\u00e9r\u00e1n tal\u00e1lhat\u00f3, k\u00f6r\u00fclbel\u00fcl 60 km-re Splitt\u0151l. A Brela Rock a h\u00edres Punta Rata strandon tal\u00e1lhat\u00f3, amely k\u00f6nnyen megk\u00f6zel\u00edthet\u0151 egy parti s\u00e9t\u00e1nyon kereszt\u00fcl.<\/p>\n\n\n\n<p><strong>Tippek a t\u00f6k\u00e9letes felv\u00e9telhez:<\/strong><\/p>\n\n\n\n<ul class=\"wp-block-list\">\n<li>A legjobb kompoz\u00edci\u00f3 el\u00e9r\u00e9s\u00e9hez helyezkedjen kiss\u00e9 t\u00e1volabb a szikl\u00e1t\u00f3l, bele\u00e9rtve a tengert, a strandot \u00e9s a feny\u0151f\u00e1kat a keretben.<\/li>\n\n\n\n<li>A naplemente dr\u00e1mai \u00e1rny\u00e9kokat \u00e9s sz\u00edneket k\u00edn\u00e1l.<\/li>\n\n\n\n<li>Ha van dr\u00f3nja, emelje fel a tenger f\u00f6l\u00e9, hogy hihetetlen kil\u00e1t\u00e1st ny\u00fajtson a szikl\u00e1ra \u00e9s a k\u00f6rnyez\u0151 strandokra.<\/li>\n<\/ul>\n\n\n\n<p><strong>Hol kell megsz\u00e1llni?<\/strong><\/p>\n\n\n\n<p>Foglalja le tart\u00f3zkod\u00e1s\u00e1t az Adriagate-i <strong><a href=\"https:\/\/www.adriagate-villas.com\/en\/villas\/villa-roof-pool-352168?from=&amp;to=&amp;guests=2&amp;adults=2&amp;teens=0&amp;children=0&amp;infants=0\" target=\"_blank\" rel=\"noreferrer noopener\">Villa Roof Pool<\/a><\/strong>, ahonnan l\u00e9legzetel\u00e1ll\u00edt\u00f3 kil\u00e1t\u00e1s ny\u00edlik a tengerre. T\u00f6k\u00e9letes a pihen\u00e9shez \u00e9s Brela term\u00e9szeti sz\u00e9ps\u00e9g\u00e9nek \u00e9lvezet\u00e9hez.<\/p>\n\n\n\n<figure class=\"wp-block-image size-large\"><img loading=\"lazy\" decoding=\"async\" width=\"1024\" height=\"256\" src=\"https:\/\/blog1.adriagate.com\/wp-content\/uploads\/2024\/12\/Untitled-design-2024-12-10T134949.699-1024x256.png\" alt=\"Villa Roof Pool - Brela\" class=\"wp-image-20389\" srcset=\"https:\/\/blog1.adriagate.com\/wp-content\/uploads\/2024\/12\/Untitled-design-2024-12-10T134949.699-1024x256.png 1024w, https:\/\/blog1.adriagate.com\/wp-content\/uploads\/2024\/12\/Untitled-design-2024-12-10T134949.699-300x75.png 300w, https:\/\/blog1.adriagate.com\/wp-content\/uploads\/2024\/12\/Untitled-design-2024-12-10T134949.699-768x192.png 768w, https:\/\/blog1.adriagate.com\/wp-content\/uploads\/2024\/12\/Untitled-design-2024-12-10T134949.699-696x174.png 696w, https:\/\/blog1.adriagate.com\/wp-content\/uploads\/2024\/12\/Untitled-design-2024-12-10T134949.699.png 1200w\" sizes=\"auto, (max-width: 1024px) 100vw, 1024px\" \/><figcaption class=\"wp-element-caption\">Villa Roof Pool &#8211; Brela<\/figcaption><\/figure>\n\n\n\n<div class=\"wp-block-buttons is-content-justification-center is-layout-flex wp-container-core-buttons-is-layout-16018d1d wp-block-buttons-is-layout-flex\">\n<div class=\"wp-block-button is-style-fill\"><a class=\"wp-block-button__link has-background wp-element-button\" href=\"https:\/\/www.adriagate-villas.com\/en\/villas?q=Makarska&amp;from=&amp;to=&amp;guests=2&amp;adults=2&amp;teens=0&amp;children=0&amp;infants=0&amp;s=1\" style=\"background-color:#926a3b\" target=\"_blank\" rel=\"noreferrer noopener\">B\u00f6ng\u00e9sszen Makarska melletti villak\u00edn\u00e1latunkban<\/a><\/div>\n<\/div>\n\n\n\n<h3 class=\"wp-block-heading\"><strong>5. Krka Nemzeti Park \u2013 Var\u00e1zslatos v\u00edzes\u00e9sek \u00e9s term\u00e9szetes medenc\u00e9k<\/strong><\/h3>\n\n\n\n<div style=\"max-width: 350px; overflow: hidden;\">\n    <blockquote class=\"instagram-media\" data-instgrm-permalink=\"https:\/\/www.instagram.com\/p\/Ch2xQOSrV0N\/?utm_source=ig_web_copy_link\" data-instgrm-version=\"14\" style=\"margin: auto;\">\n    <\/blockquote>\n    <script async=\"\" src=\"\/\/www.instagram.com\/embed.js\"><\/script>\n<\/div>\n\n\n\n<p><strong>Hogyan juthat el?<\/strong><\/p>\n\n\n\n<p>Krka k\u00f6r\u00fclbel\u00fcl 1 \u00f3r\u00e1s aut\u00f3\u00fatra fekszik Splitt\u0151l. A f\u0151bej\u00e1rat Skradinban van, ahol haj\u00f3val el\u00e9rheti a v\u00edzes\u00e9seket, vagy s\u00e9t\u00e1lhat a park \u00f6sv\u00e9nyein.<\/p>\n\n\n\n<p><strong>Tippek a t\u00f6k\u00e9letes felv\u00e9telhez:<\/strong><\/p>\n\n\n\n<ul class=\"wp-block-list\">\n<li>Az ikonikus Skradinski Buk v\u00edzes\u00e9s t\u00f6k\u00e9letes hossz\u00fa expoz\u00edci\u00f3s felv\u00e9telekhez, hogy selymes v\u00edzhat\u00e1st \u00e9rjen el.<\/li>\n\n\n\n<li>K\u00e9sz\u00edtsen f\u00e9nyk\u00e9peket a fahidakr\u00f3l vagy a fels\u0151 kil\u00e1t\u00f3kr\u00f3l, hogy teljes k\u00e9pet kapjon a v\u00edzes\u00e9sr\u0151l.<\/li>\n\n\n\n<li>L\u00e1togasson el kora reggel, hogy elker\u00fclje a t\u00f6meget \u00e9s \u00e9lvezze a term\u00e9szet nyugalm\u00e1t.<\/li>\n<\/ul>\n\n\n\n<p><strong>Hol kell megsz\u00e1llni?<\/strong><\/p>\n\n\n\n<p>Az Adriagate-i <a href=\"https:\/\/www.adriagate-villas.com\/en\/villas\/villa-laurel-193289\" target=\"_blank\" rel=\"noreferrer noopener\"><strong>Villa Laurel<\/strong> <\/a>t\u00f6k\u00e9letes kiindul\u00f3pont a park felfedez\u00e9s\u00e9hez. Ez a b\u00e1jos villa nyugodt tart\u00f3zkod\u00e1st k\u00edn\u00e1l leny\u0171g\u00f6z\u0151 term\u00e9szeti l\u00e1tnival\u00f3k k\u00f6zel\u00e9ben.<\/p>\n\n\n\n<figure class=\"wp-block-image size-large\"><img loading=\"lazy\" decoding=\"async\" width=\"1024\" height=\"256\" src=\"https:\/\/blog1.adriagate.com\/wp-content\/uploads\/2024\/12\/Untitled-design-2024-12-10T135259.095-1024x256.png\" alt=\"Villa Laurel - Rupe\" class=\"wp-image-20397\" srcset=\"https:\/\/blog1.adriagate.com\/wp-content\/uploads\/2024\/12\/Untitled-design-2024-12-10T135259.095-1024x256.png 1024w, https:\/\/blog1.adriagate.com\/wp-content\/uploads\/2024\/12\/Untitled-design-2024-12-10T135259.095-300x75.png 300w, https:\/\/blog1.adriagate.com\/wp-content\/uploads\/2024\/12\/Untitled-design-2024-12-10T135259.095-768x192.png 768w, https:\/\/blog1.adriagate.com\/wp-content\/uploads\/2024\/12\/Untitled-design-2024-12-10T135259.095-696x174.png 696w, https:\/\/blog1.adriagate.com\/wp-content\/uploads\/2024\/12\/Untitled-design-2024-12-10T135259.095.png 1200w\" sizes=\"auto, (max-width: 1024px) 100vw, 1024px\" \/><figcaption class=\"wp-element-caption\">Villa Laurel &#8211; Rupe<\/figcaption><\/figure>\n\n\n\n<div class=\"wp-block-buttons is-content-justification-center is-layout-flex wp-container-core-buttons-is-layout-16018d1d wp-block-buttons-is-layout-flex\">\n<div class=\"wp-block-button is-style-fill\"><a class=\"wp-block-button__link has-background wp-element-button\" href=\"https:\/\/www.adriagate-villas.com\/en\/villas\/dalmatia\/sibenik-riviera\" style=\"background-color:#926a3b\" target=\"_blank\" rel=\"noreferrer noopener\">B\u00f6ng\u00e9sszen \u0160ibenik melletti villa k\u00edn\u00e1latunkban<\/a><\/div>\n<\/div>\n\n\n\n<h3 class=\"wp-block-heading\"><strong>B\u00f3nusz tippek a t\u00f6k\u00e9letes Instagram-fot\u00f3khoz:<\/strong><\/h3>\n\n\n\n<ul class=\"wp-block-list\">\n<li><strong>Arany\u00f3ra: <\/strong>A legjobb f\u00e9ny \u00e9rdek\u00e9ben egy \u00f3r\u00e1val napkelte ut\u00e1n vagy napnyugta el\u0151tt f\u00e9nyk\u00e9pezzen.<\/li>\n\n\n\n<li><strong>Polariz\u00e1l\u00f3 sz\u0171r\u0151: <\/strong>Cs\u00f6kkenti a t\u00fckr\u00f6z\u0151d\u00e9st, \u00e9s kiemeli a tenger \u00e9s az \u00e9g sz\u00edneit.<\/li>\n\n\n\n<li><strong>Tervezz el\u0151re:<\/strong> Kutassa fel a helysz\u00edneket, \u00e9s k\u00e9sz\u00edtsen \u00f6tleteket, miel\u0151tt meg\u00e9rkezik.<\/li>\n\n\n\n<li><strong>Hiteless\u00e9g: <\/strong>R\u00f6gz\u00edtsen olyan r\u00e9szleteket, amelyek t\u00f6rt\u00e9netet mes\u00e9lnek el a helysz\u00ednr\u0151l (helyi \u00e9p\u00edt\u00e9szet, term\u00e9szeti elemek, a t\u00e9rrel interakci\u00f3ba l\u00e9p\u0151 emberek).<\/li>\n<\/ul>\n\n\n\n<p>K\u00e9szen \u00e1llsz, hogy felejthetetlen eml\u00e9keket teremts? Horv\u00e1torsz\u00e1g v\u00e1r rejtett sz\u00e9ps\u00e9geivel \u00e9s t\u00f6rt\u00e9neteivel, amelyeket csak te tudsz elmondani!<\/p>\n","protected":false},"excerpt":{"rendered":"<p>Horv\u00e1torsz\u00e1g tele van rejtett \u00e9s j\u00f3l ismert gy\u00f6ngyszemekkel, amelyek leny\u0171g\u00f6z\u0151 kil\u00e1t\u00e1st k\u00edn\u00e1lnak az Instagram-h\u00edrfolyamodhoz. A dr\u00e1mai hegycs\u00facsokt\u00f3l a rejtett strandokig \u00e9s a b\u00e1jos v\u00e1rosi utc\u00e1kig \u2013 az orsz\u00e1g minden szeglet\u00e9ben van egy t\u00f6rt\u00e9net, amely elmes\u00e9l\u00e9sre v\u00e1r a fot\u00f3idon kereszt\u00fcl. Ebben a blogban bemutatjuk az \u00f6t legfotog\u00e9nebb horv\u00e1torsz\u00e1gi helysz\u00ednt, \u00fatbaigaz\u00edt\u00e1sokkal, tippekkel a legjobb felv\u00e9telek k\u00e9sz\u00edt\u00e9s\u00e9hez, valamint [&hellip;]<\/p>\n","protected":false},"author":1,"featured_media":20447,"comment_status":"closed","ping_status":"closed","sticky":false,"template":"","format":"standard","meta":{"footnotes":""},"categories":[10,11,12,14,13,16,18,19],"tags":[],"class_list":{"0":"post-20429","1":"post","2":"type-post","3":"status-publish","4":"format-standard","5":"has-post-thumbnail","7":"category-adventure-tours","8":"category-beach-guide","9":"category-city-guide","10":"category-family-holidays","11":"category-culture-tradition","12":"category-news-events","13":"category-romantic-holiday","14":"category-tips-ideas"},"yoast_head":"<!-- This site is optimized with the Yoast SEO plugin v20.4 - https:\/\/yoast.com\/wordpress\/plugins\/seo\/ -->\n<title>A legink\u00e1bb Instagram-be\u00edrhat\u00f3 helyek Horv\u00e1torsz\u00e1gban: R\u00e9szletes \u00fatmutat\u00f3 a t\u00f6k\u00e9letes fot\u00f3k \u00e9s \u00e1lombeli tart\u00f3zkod\u00e1sokhoz - TRAVEL BLOG<\/title>\n<meta name=\"description\" content=\"Fedezze fel Horv\u00e1torsz\u00e1g legn\u00e9pszer\u0171bb Instagram-foltjait! Fedezze fel a leny\u0171g\u00f6z\u0151 kil\u00e1t\u00e1st, rejtett strandokat, elb\u0171v\u00f6l\u0151 utc\u00e1kat, fot\u00f3tippeket \u00e9s \u00e1lomsz\u00e1ll\u00f3kat az Adriagate-n\u00e9l.\" \/>\n<meta name=\"robots\" content=\"index, follow, max-snippet:-1, max-image-preview:large, max-video-preview:-1\" \/>\n<link rel=\"canonical\" href=\"https:\/\/www.adriagate.com\/blog\/en\/a-leginkabb-instagram-beirhato-helyek-horvatorszagban-reszletes-utmutato-a-tokeletes-fotok-es-alombeli-tartozkodasokhoz\/\" \/>\n<meta property=\"og:locale\" content=\"en_US\" \/>\n<meta property=\"og:type\" content=\"article\" \/>\n<meta property=\"og:title\" content=\"A legink\u00e1bb Instagram-be\u00edrhat\u00f3 helyek Horv\u00e1torsz\u00e1gban: R\u00e9szletes \u00fatmutat\u00f3 a t\u00f6k\u00e9letes fot\u00f3k \u00e9s \u00e1lombeli tart\u00f3zkod\u00e1sokhoz - TRAVEL BLOG\" \/>\n<meta property=\"og:description\" content=\"Fedezze fel Horv\u00e1torsz\u00e1g legn\u00e9pszer\u0171bb Instagram-foltjait! Fedezze fel a leny\u0171g\u00f6z\u0151 kil\u00e1t\u00e1st, rejtett strandokat, elb\u0171v\u00f6l\u0151 utc\u00e1kat, fot\u00f3tippeket \u00e9s \u00e1lomsz\u00e1ll\u00f3kat az Adriagate-n\u00e9l.\" \/>\n<meta property=\"og:url\" content=\"https:\/\/blog1.adriagate.com\/hu\/a-leginkabb-instagram-beirhato-helyek-horvatorszagban-reszletes-utmutato-a-tokeletes-fotok-es-alombeli-tartozkodasokhoz\/\" \/>\n<meta property=\"og:site_name\" content=\"TRAVEL BLOG\" \/>\n<meta property=\"article:published_time\" content=\"2024-12-11T12:29:32+00:00\" \/>\n<meta property=\"article:modified_time\" content=\"2024-12-13T13:25:32+00:00\" \/>\n<meta property=\"og:image\" content=\"https:\/\/blog1.adriagate.com\/wp-content\/uploads\/2024\/12\/ville-pmax-1200-x-628-px-5-1.png\" \/>\n\t<meta property=\"og:image:width\" content=\"1200\" \/>\n\t<meta property=\"og:image:height\" content=\"628\" \/>\n\t<meta property=\"og:image:type\" content=\"image\/png\" \/>\n<meta name=\"author\" content=\"adriagate\" \/>\n<meta name=\"twitter:card\" content=\"summary_large_image\" \/>\n<meta name=\"twitter:label1\" content=\"Written by\" \/>\n\t<meta name=\"twitter:data1\" content=\"adriagate\" \/>\n\t<meta name=\"twitter:label2\" content=\"Est. reading time\" \/>\n\t<meta name=\"twitter:data2\" content=\"5 minutes\" \/>\n<script type=\"application\/ld+json\" class=\"yoast-schema-graph\">{\"@context\":\"https:\/\/schema.org\",\"@graph\":[{\"@type\":\"WebPage\",\"@id\":\"https:\/\/blog1.adriagate.com\/hu\/a-leginkabb-instagram-beirhato-helyek-horvatorszagban-reszletes-utmutato-a-tokeletes-fotok-es-alombeli-tartozkodasokhoz\/\",\"url\":\"https:\/\/blog1.adriagate.com\/hu\/a-leginkabb-instagram-beirhato-helyek-horvatorszagban-reszletes-utmutato-a-tokeletes-fotok-es-alombeli-tartozkodasokhoz\/\",\"name\":\"A legink\u00e1bb Instagram-be\u00edrhat\u00f3 helyek Horv\u00e1torsz\u00e1gban: R\u00e9szletes \u00fatmutat\u00f3 a t\u00f6k\u00e9letes fot\u00f3k \u00e9s \u00e1lombeli tart\u00f3zkod\u00e1sokhoz - TRAVEL BLOG\",\"isPartOf\":{\"@id\":\"https:\/\/blog1.adriagate.com\/en\/#website\"},\"datePublished\":\"2024-12-11T12:29:32+00:00\",\"dateModified\":\"2024-12-13T13:25:32+00:00\",\"author\":{\"@id\":\"https:\/\/blog1.adriagate.com\/en\/#\/schema\/person\/245da990fbb6d82f4ea7433429f798b9\"},\"description\":\"Fedezze fel Horv\u00e1torsz\u00e1g legn\u00e9pszer\u0171bb Instagram-foltjait! Fedezze fel a leny\u0171g\u00f6z\u0151 kil\u00e1t\u00e1st, rejtett strandokat, elb\u0171v\u00f6l\u0151 utc\u00e1kat, fot\u00f3tippeket \u00e9s \u00e1lomsz\u00e1ll\u00f3kat az Adriagate-n\u00e9l.\",\"breadcrumb\":{\"@id\":\"https:\/\/blog1.adriagate.com\/hu\/a-leginkabb-instagram-beirhato-helyek-horvatorszagban-reszletes-utmutato-a-tokeletes-fotok-es-alombeli-tartozkodasokhoz\/#breadcrumb\"},\"inLanguage\":\"en-US\",\"potentialAction\":[{\"@type\":\"ReadAction\",\"target\":[\"https:\/\/blog1.adriagate.com\/hu\/a-leginkabb-instagram-beirhato-helyek-horvatorszagban-reszletes-utmutato-a-tokeletes-fotok-es-alombeli-tartozkodasokhoz\/\"]}]},{\"@type\":\"BreadcrumbList\",\"@id\":\"https:\/\/blog1.adriagate.com\/hu\/a-leginkabb-instagram-beirhato-helyek-horvatorszagban-reszletes-utmutato-a-tokeletes-fotok-es-alombeli-tartozkodasokhoz\/#breadcrumb\",\"itemListElement\":[{\"@type\":\"ListItem\",\"position\":1,\"name\":\"Home\",\"item\":\"https:\/\/blog1.adriagate.com\/en\/\"},{\"@type\":\"ListItem\",\"position\":2,\"name\":\"A legink\u00e1bb Instagram-be\u00edrhat\u00f3 helyek Horv\u00e1torsz\u00e1gban: R\u00e9szletes \u00fatmutat\u00f3 a t\u00f6k\u00e9letes fot\u00f3k \u00e9s \u00e1lombeli tart\u00f3zkod\u00e1sokhoz\"}]},{\"@type\":\"WebSite\",\"@id\":\"https:\/\/blog1.adriagate.com\/en\/#website\",\"url\":\"https:\/\/blog1.adriagate.com\/en\/\",\"name\":\"TRAVEL BLOG\",\"description\":\"Powered by Adriagate\",\"potentialAction\":[{\"@type\":\"SearchAction\",\"target\":{\"@type\":\"EntryPoint\",\"urlTemplate\":\"https:\/\/blog1.adriagate.com\/en\/?s={search_term_string}\"},\"query-input\":\"required name=search_term_string\"}],\"inLanguage\":\"en-US\"},{\"@type\":\"Person\",\"@id\":\"https:\/\/blog1.adriagate.com\/en\/#\/schema\/person\/245da990fbb6d82f4ea7433429f798b9\",\"name\":\"adriagate\",\"image\":{\"@type\":\"ImageObject\",\"inLanguage\":\"en-US\",\"@id\":\"https:\/\/blog1.adriagate.com\/en\/#\/schema\/person\/image\/\",\"url\":\"https:\/\/secure.gravatar.com\/avatar\/fe66b8695c2e24aee049c361c50d4c142186213aa1863e52c9fdc29ea7d733c2?s=96&d=mm&r=g\",\"contentUrl\":\"https:\/\/secure.gravatar.com\/avatar\/fe66b8695c2e24aee049c361c50d4c142186213aa1863e52c9fdc29ea7d733c2?s=96&d=mm&r=g\",\"caption\":\"adriagate\"}}]}<\/script>\n<!-- \/ Yoast SEO plugin. -->","yoast_head_json":{"title":"A legink\u00e1bb Instagram-be\u00edrhat\u00f3 helyek Horv\u00e1torsz\u00e1gban: R\u00e9szletes \u00fatmutat\u00f3 a t\u00f6k\u00e9letes fot\u00f3k \u00e9s \u00e1lombeli tart\u00f3zkod\u00e1sokhoz - TRAVEL BLOG","description":"Fedezze fel Horv\u00e1torsz\u00e1g legn\u00e9pszer\u0171bb Instagram-foltjait! Fedezze fel a leny\u0171g\u00f6z\u0151 kil\u00e1t\u00e1st, rejtett strandokat, elb\u0171v\u00f6l\u0151 utc\u00e1kat, fot\u00f3tippeket \u00e9s \u00e1lomsz\u00e1ll\u00f3kat az Adriagate-n\u00e9l.","robots":{"index":"index","follow":"follow","max-snippet":"max-snippet:-1","max-image-preview":"max-image-preview:large","max-video-preview":"max-video-preview:-1"},"canonical":"https:\/\/www.adriagate.com\/blog\/en\/a-leginkabb-instagram-beirhato-helyek-horvatorszagban-reszletes-utmutato-a-tokeletes-fotok-es-alombeli-tartozkodasokhoz\/","og_locale":"en_US","og_type":"article","og_title":"A legink\u00e1bb Instagram-be\u00edrhat\u00f3 helyek Horv\u00e1torsz\u00e1gban: R\u00e9szletes \u00fatmutat\u00f3 a t\u00f6k\u00e9letes fot\u00f3k \u00e9s \u00e1lombeli tart\u00f3zkod\u00e1sokhoz - TRAVEL BLOG","og_description":"Fedezze fel Horv\u00e1torsz\u00e1g legn\u00e9pszer\u0171bb Instagram-foltjait! Fedezze fel a leny\u0171g\u00f6z\u0151 kil\u00e1t\u00e1st, rejtett strandokat, elb\u0171v\u00f6l\u0151 utc\u00e1kat, fot\u00f3tippeket \u00e9s \u00e1lomsz\u00e1ll\u00f3kat az Adriagate-n\u00e9l.","og_url":"https:\/\/blog1.adriagate.com\/hu\/a-leginkabb-instagram-beirhato-helyek-horvatorszagban-reszletes-utmutato-a-tokeletes-fotok-es-alombeli-tartozkodasokhoz\/","og_site_name":"TRAVEL BLOG","article_published_time":"2024-12-11T12:29:32+00:00","article_modified_time":"2024-12-13T13:25:32+00:00","og_image":[{"width":1200,"height":628,"url":"https:\/\/blog1.adriagate.com\/wp-content\/uploads\/2024\/12\/ville-pmax-1200-x-628-px-5-1.png","type":"image\/png"}],"author":"adriagate","twitter_card":"summary_large_image","twitter_misc":{"Written by":"adriagate","Est. reading time":"5 minutes"},"schema":{"@context":"https:\/\/schema.org","@graph":[{"@type":"WebPage","@id":"https:\/\/blog1.adriagate.com\/hu\/a-leginkabb-instagram-beirhato-helyek-horvatorszagban-reszletes-utmutato-a-tokeletes-fotok-es-alombeli-tartozkodasokhoz\/","url":"https:\/\/blog1.adriagate.com\/hu\/a-leginkabb-instagram-beirhato-helyek-horvatorszagban-reszletes-utmutato-a-tokeletes-fotok-es-alombeli-tartozkodasokhoz\/","name":"A legink\u00e1bb Instagram-be\u00edrhat\u00f3 helyek Horv\u00e1torsz\u00e1gban: R\u00e9szletes \u00fatmutat\u00f3 a t\u00f6k\u00e9letes fot\u00f3k \u00e9s \u00e1lombeli tart\u00f3zkod\u00e1sokhoz - TRAVEL BLOG","isPartOf":{"@id":"https:\/\/blog1.adriagate.com\/en\/#website"},"datePublished":"2024-12-11T12:29:32+00:00","dateModified":"2024-12-13T13:25:32+00:00","author":{"@id":"https:\/\/blog1.adriagate.com\/en\/#\/schema\/person\/245da990fbb6d82f4ea7433429f798b9"},"description":"Fedezze fel Horv\u00e1torsz\u00e1g legn\u00e9pszer\u0171bb Instagram-foltjait! Fedezze fel a leny\u0171g\u00f6z\u0151 kil\u00e1t\u00e1st, rejtett strandokat, elb\u0171v\u00f6l\u0151 utc\u00e1kat, fot\u00f3tippeket \u00e9s \u00e1lomsz\u00e1ll\u00f3kat az Adriagate-n\u00e9l.","breadcrumb":{"@id":"https:\/\/blog1.adriagate.com\/hu\/a-leginkabb-instagram-beirhato-helyek-horvatorszagban-reszletes-utmutato-a-tokeletes-fotok-es-alombeli-tartozkodasokhoz\/#breadcrumb"},"inLanguage":"en-US","potentialAction":[{"@type":"ReadAction","target":["https:\/\/blog1.adriagate.com\/hu\/a-leginkabb-instagram-beirhato-helyek-horvatorszagban-reszletes-utmutato-a-tokeletes-fotok-es-alombeli-tartozkodasokhoz\/"]}]},{"@type":"BreadcrumbList","@id":"https:\/\/blog1.adriagate.com\/hu\/a-leginkabb-instagram-beirhato-helyek-horvatorszagban-reszletes-utmutato-a-tokeletes-fotok-es-alombeli-tartozkodasokhoz\/#breadcrumb","itemListElement":[{"@type":"ListItem","position":1,"name":"Home","item":"https:\/\/blog1.adriagate.com\/en\/"},{"@type":"ListItem","position":2,"name":"A legink\u00e1bb Instagram-be\u00edrhat\u00f3 helyek Horv\u00e1torsz\u00e1gban: R\u00e9szletes \u00fatmutat\u00f3 a t\u00f6k\u00e9letes fot\u00f3k \u00e9s \u00e1lombeli tart\u00f3zkod\u00e1sokhoz"}]},{"@type":"WebSite","@id":"https:\/\/blog1.adriagate.com\/en\/#website","url":"https:\/\/blog1.adriagate.com\/en\/","name":"TRAVEL BLOG","description":"Powered by Adriagate","potentialAction":[{"@type":"SearchAction","target":{"@type":"EntryPoint","urlTemplate":"https:\/\/blog1.adriagate.com\/en\/?s={search_term_string}"},"query-input":"required name=search_term_string"}],"inLanguage":"en-US"},{"@type":"Person","@id":"https:\/\/blog1.adriagate.com\/en\/#\/schema\/person\/245da990fbb6d82f4ea7433429f798b9","name":"adriagate","image":{"@type":"ImageObject","inLanguage":"en-US","@id":"https:\/\/blog1.adriagate.com\/en\/#\/schema\/person\/image\/","url":"https:\/\/secure.gravatar.com\/avatar\/fe66b8695c2e24aee049c361c50d4c142186213aa1863e52c9fdc29ea7d733c2?s=96&d=mm&r=g","contentUrl":"https:\/\/secure.gravatar.com\/avatar\/fe66b8695c2e24aee049c361c50d4c142186213aa1863e52c9fdc29ea7d733c2?s=96&d=mm&r=g","caption":"adriagate"}}]}},"_links":{"self":[{"href":"https:\/\/blog1.adriagate.com\/wp-json\/wp\/v2\/posts\/20429","targetHints":{"allow":["GET"]}}],"collection":[{"href":"https:\/\/blog1.adriagate.com\/wp-json\/wp\/v2\/posts"}],"about":[{"href":"https:\/\/blog1.adriagate.com\/wp-json\/wp\/v2\/types\/post"}],"author":[{"embeddable":true,"href":"https:\/\/blog1.adriagate.com\/wp-json\/wp\/v2\/users\/1"}],"replies":[{"embeddable":true,"href":"https:\/\/blog1.adriagate.com\/wp-json\/wp\/v2\/comments?post=20429"}],"version-history":[{"count":2,"href":"https:\/\/blog1.adriagate.com\/wp-json\/wp\/v2\/posts\/20429\/revisions"}],"predecessor-version":[{"id":20459,"href":"https:\/\/blog1.adriagate.com\/wp-json\/wp\/v2\/posts\/20429\/revisions\/20459"}],"wp:featuredmedia":[{"embeddable":true,"href":"https:\/\/blog1.adriagate.com\/wp-json\/wp\/v2\/media\/20447"}],"wp:attachment":[{"href":"https:\/\/blog1.adriagate.com\/wp-json\/wp\/v2\/media?parent=20429"}],"wp:term":[{"taxonomy":"category","embeddable":true,"href":"https:\/\/blog1.adriagate.com\/wp-json\/wp\/v2\/categories?post=20429"},{"taxonomy":"post_tag","embeddable":true,"href":"https:\/\/blog1.adriagate.com\/wp-json\/wp\/v2\/tags?post=20429"}],"curies":[{"name":"wp","href":"https:\/\/api.w.org\/{rel}","templated":true}]}}