{"id":20063,"date":"2024-10-31T12:25:20","date_gmt":"2024-10-31T11:25:20","guid":{"rendered":"https:\/\/blog1.adriagate.com\/?p=20063"},"modified":"2024-10-31T14:13:00","modified_gmt":"2024-10-31T13:13:00","slug":"karacsonyi-vasarok-horvatorszagban-vidamsag-es-kezmuves","status":"publish","type":"post","link":"https:\/\/blog1.adriagate.com\/hu\/karacsonyi-vasarok-horvatorszagban-vidamsag-es-kezmuves\/","title":{"rendered":"Kar\u00e1csonyi v\u00e1s\u00e1rok Horv\u00e1torsz\u00e1gban: Vid\u00e1ms\u00e1g \u00e9s k\u00e9zm\u0171vess\u00e9g"},"content":{"rendered":"\n<p>Az \u00fcnnepi szezon k\u00f6zeledt\u00e9vel Horv\u00e1torsz\u00e1g fokozatosan t\u00e9li csodaorsz\u00e1gg\u00e1 v\u00e1ltozik. Ezzel az \u00e1talakul\u00e1ssal <strong>Horv\u00e1torsz\u00e1gban sz\u00e1mos kar\u00e1csonyi v\u00e1s\u00e1r<\/strong> j\u00f6n l\u00e9tre, amelyek bemutatj\u00e1k a nemzet gazdag kultur\u00e1lis hagyom\u00e1nyait, k\u00e9zm\u0171ves mesters\u00e9geit \u00e9s \u00fcnnepi hangulat\u00e1t. P\u00e9ld\u00e1ul Z\u00e1gr\u00e1b ny\u00fczsg\u0151 f\u0151v\u00e1ros\u00e1t\u00f3l Dubrovnik tengerparti var\u00e1zs\u00e1ig minden v\u00e1ros egyedi \u00e9lm\u00e9nyt ny\u00fajt. Mindegyik\u00fck \u00f6sszek\u00f6ti az \u00fcnnepi szok\u00e1sokat a helyi finoms\u00e1gokkal, k\u00e9zzel k\u00e9sz\u00edtett mesters\u00e9gekkel \u00e9s rengeteg \u00e9vszakhoz k\u00f6t\u00f6tt \u00f6r\u00f6mmel.<\/p>\n\n\n\n<p>\u00d6sszess\u00e9g\u00e9ben \u00edme egy pillant\u00e1st Horv\u00e1torsz\u00e1g legvar\u00e1zslatosabb kar\u00e1csonyi v\u00e1s\u00e1raira, \u00e9s arra, hogy mi teszi mindegyiket k\u00fcl\u00f6nlegess\u00e9.<\/p>\n\n\n\n<h2 class=\"wp-block-heading\">1. Z\u00e1gr\u00e1bi kar\u00e1csonyi v\u00e1s\u00e1r: A d\u00edjnyertes t\u00e9li fesztiv\u00e1l<\/h2>\n\n\n\n<p>El\u0151sz\u00f6r is, a <strong>z\u00e1gr\u00e1bi kar\u00e1csonyi <\/strong>v\u00e1s\u00e1r, vagyis az <strong>Advent u Zagrebu <\/strong>val\u00f3ban Eur\u00f3pa egyik legh\u00edresebb \u00fcnnepi esem\u00e9ny\u00e9v\u00e9 v\u00e1lt. A ny\u00fczsg\u0151 hangulat\u00e1r\u00f3l \u00e9s a l\u00e1tnival\u00f3k sz\u00e9les sk\u00e1l\u00e1j\u00e1r\u00f3l ismert z\u00e1gr\u00e1bi advent sz\u00e1mos d\u00edjat nyert, mivel Horv\u00e1torsz\u00e1g \u00e9s Eur\u00f3pa legjobb kar\u00e1csonyi v\u00e1s\u00e1rai k\u00f6z\u00e9 tartozik. A v\u00e1ros k\u00f6zponti terein \u00e9s utc\u00e1in \u00e1t\u00edvel\u0151 z\u00e1gr\u00e1bi piac minden bizonnyal tartalmaz hangulatos fab\u00f3d\u00e9kat. Ezek a standok hagyom\u00e1nyos horv\u00e1t finoms\u00e1gokat k\u00edn\u00e1lnak, mint p\u00e9ld\u00e1ul fritula (mini f\u00e1nk), kolb\u00e1sz \u00e9s meleg forralt bor.<\/p>\n\n\n\n<figure class=\"wp-block-gallery has-nested-images columns-2 is-cropped wp-block-gallery-1 is-layout-flex wp-block-gallery-is-layout-flex\">\n<figure class=\"wp-block-image size-full\" id=\"Christmas-Maket-in-Zagreb\"><img loading=\"lazy\" decoding=\"async\" width=\"1600\" height=\"1068\" data-id=\"19888\" src=\"https:\/\/blog1.adriagate.com\/wp-content\/uploads\/2024\/10\/Zagreb-advent-3-2.png\" alt=\"Z\u00e1gr\u00e1bi kar\u00e1csonyi v\u00e1s\u00e1r\" class=\"wp-image-19888\" title=\"Christmas Maket in Zagreb\" srcset=\"https:\/\/blog1.adriagate.com\/wp-content\/uploads\/2024\/10\/Zagreb-advent-3-2.png 1600w, https:\/\/blog1.adriagate.com\/wp-content\/uploads\/2024\/10\/Zagreb-advent-3-2-300x200.png 300w, https:\/\/blog1.adriagate.com\/wp-content\/uploads\/2024\/10\/Zagreb-advent-3-2-1024x684.png 1024w, https:\/\/blog1.adriagate.com\/wp-content\/uploads\/2024\/10\/Zagreb-advent-3-2-768x513.png 768w, https:\/\/blog1.adriagate.com\/wp-content\/uploads\/2024\/10\/Zagreb-advent-3-2-1536x1025.png 1536w, https:\/\/blog1.adriagate.com\/wp-content\/uploads\/2024\/10\/Zagreb-advent-3-2-696x465.png 696w, https:\/\/blog1.adriagate.com\/wp-content\/uploads\/2024\/10\/Zagreb-advent-3-2-629x420.png 629w\" sizes=\"auto, (max-width: 1600px) 100vw, 1600px\" \/><\/figure>\n\n\n\n<figure class=\"wp-block-image size-full\" id=\"Christmas-Maket-in-Zagreb\"><img loading=\"lazy\" decoding=\"async\" width=\"1600\" height=\"1068\" data-id=\"19880\" src=\"https:\/\/blog1.adriagate.com\/wp-content\/uploads\/2024\/10\/Zagreb-advent-2-2.png\" alt=\"Z\u00e1gr\u00e1bi kar\u00e1csonyi v\u00e1s\u00e1r\" class=\"wp-image-19880\" title=\"Christmas Maket in Zagreb\" srcset=\"https:\/\/blog1.adriagate.com\/wp-content\/uploads\/2024\/10\/Zagreb-advent-2-2.png 1600w, https:\/\/blog1.adriagate.com\/wp-content\/uploads\/2024\/10\/Zagreb-advent-2-2-300x200.png 300w, https:\/\/blog1.adriagate.com\/wp-content\/uploads\/2024\/10\/Zagreb-advent-2-2-1024x684.png 1024w, https:\/\/blog1.adriagate.com\/wp-content\/uploads\/2024\/10\/Zagreb-advent-2-2-768x513.png 768w, https:\/\/blog1.adriagate.com\/wp-content\/uploads\/2024\/10\/Zagreb-advent-2-2-1536x1025.png 1536w, https:\/\/blog1.adriagate.com\/wp-content\/uploads\/2024\/10\/Zagreb-advent-2-2-696x465.png 696w, https:\/\/blog1.adriagate.com\/wp-content\/uploads\/2024\/10\/Zagreb-advent-2-2-629x420.png 629w\" sizes=\"auto, (max-width: 1600px) 100vw, 1600px\" \/><\/figure>\n\n\n\n<figure class=\"wp-block-image size-full\" id=\"Christmas-Maket-in-Zagreb\"><img loading=\"lazy\" decoding=\"async\" width=\"1600\" height=\"1068\" data-id=\"19896\" src=\"https:\/\/blog1.adriagate.com\/wp-content\/uploads\/2024\/10\/Zagreb-advent-4-2.png\" alt=\"Z\u00e1gr\u00e1bi kar\u00e1csonyi v\u00e1s\u00e1r\" class=\"wp-image-19896\" title=\"Christmas Maket in Zagreb\" srcset=\"https:\/\/blog1.adriagate.com\/wp-content\/uploads\/2024\/10\/Zagreb-advent-4-2.png 1600w, https:\/\/blog1.adriagate.com\/wp-content\/uploads\/2024\/10\/Zagreb-advent-4-2-300x200.png 300w, https:\/\/blog1.adriagate.com\/wp-content\/uploads\/2024\/10\/Zagreb-advent-4-2-1024x684.png 1024w, https:\/\/blog1.adriagate.com\/wp-content\/uploads\/2024\/10\/Zagreb-advent-4-2-768x513.png 768w, https:\/\/blog1.adriagate.com\/wp-content\/uploads\/2024\/10\/Zagreb-advent-4-2-1536x1025.png 1536w, https:\/\/blog1.adriagate.com\/wp-content\/uploads\/2024\/10\/Zagreb-advent-4-2-696x465.png 696w, https:\/\/blog1.adriagate.com\/wp-content\/uploads\/2024\/10\/Zagreb-advent-4-2-629x420.png 629w\" sizes=\"auto, (max-width: 1600px) 100vw, 1600px\" \/><\/figure>\n\n\n\n<figure class=\"wp-block-image size-full\" id=\"Christmas-Maket-in-Zagreb\"><img loading=\"lazy\" decoding=\"async\" width=\"1600\" height=\"1068\" data-id=\"19904\" src=\"https:\/\/blog1.adriagate.com\/wp-content\/uploads\/2024\/10\/Zagreb-advent-5.png\" alt=\"Z\u00e1gr\u00e1bi kar\u00e1csonyi v\u00e1s\u00e1r\" class=\"wp-image-19904\" title=\"Christmas Maket in Zagreb\" srcset=\"https:\/\/blog1.adriagate.com\/wp-content\/uploads\/2024\/10\/Zagreb-advent-5.png 1600w, https:\/\/blog1.adriagate.com\/wp-content\/uploads\/2024\/10\/Zagreb-advent-5-300x200.png 300w, https:\/\/blog1.adriagate.com\/wp-content\/uploads\/2024\/10\/Zagreb-advent-5-1024x684.png 1024w, https:\/\/blog1.adriagate.com\/wp-content\/uploads\/2024\/10\/Zagreb-advent-5-768x513.png 768w, https:\/\/blog1.adriagate.com\/wp-content\/uploads\/2024\/10\/Zagreb-advent-5-1536x1025.png 1536w, https:\/\/blog1.adriagate.com\/wp-content\/uploads\/2024\/10\/Zagreb-advent-5-696x465.png 696w, https:\/\/blog1.adriagate.com\/wp-content\/uploads\/2024\/10\/Zagreb-advent-5-629x420.png 629w\" sizes=\"auto, (max-width: 1600px) 100vw, 1600px\" \/><\/figure>\n<figcaption class=\"blocks-gallery-caption wp-element-caption\">Z\u00e1gr\u00e1bi kar\u00e1csonyi v\u00e1s\u00e1r<\/figcaption><\/figure>\n\n\n\n<p>Az egyik cs\u00facspont <strong>azonban a Tomislav kir\u00e1ly<\/strong> t\u00e9ren tal\u00e1lhat\u00f3 korcsolyap\u00e1lya, ahol \u00fcnnepi f\u00e9nyek alatt suhanhatnak a l\u00e1togat\u00f3k. A tov\u00e1bbi kihagyhatatlan l\u00e1tnival\u00f3k k\u00f6z\u00e9 tartozik a villog\u00f3 \u00fcnnepi f\u00e9nyekkel megvil\u00e1g\u00edtott <strong>Zrinjevac Park<\/strong> \u00e9s egy r\u00e9gim\u00f3di k\u00f6rhinta, valamint az \u00e9l\u0151 zen\u00e9r\u0151l, k\u00e9zm\u0171ves alkot\u00e1sokr\u00f3l \u00e9s helyi finoms\u00e1gokr\u00f3l ismert <strong>Eur\u00f3pai t\u00e9r<\/strong>. A z\u00e1gr\u00e1bi advent egy kiterjedt fesztiv\u00e1l, amely val\u00f3ban megeleven\u00edti a kar\u00e1csony szellem\u00e9t Horv\u00e1torsz\u00e1g sz\u00edv\u00e9ben. Tudjon meg t\u00f6bbet a z\u00e1gr\u00e1bi kar\u00e1csonyi v\u00e1s\u00e1rr\u00f3l a <a href=\"https:\/\/www.adventzagreb.hr\/\" target=\"_blank\" rel=\"noreferrer noopener\">hivatalos honlapj\u00e1n.<\/a><\/p>\n\n\n\n<h2 class=\"wp-block-heading\">2. Varasd kar\u00e1csonyi v\u00e1s\u00e1r: mesebeli \u00e9lm\u00e9ny<\/h2>\n\n\n\n<p>M\u00e1sodszor, \u00c9szak-Horv\u00e1torsz\u00e1gban, Varasd egy kis v\u00e1ros, amely barokk \u00e9p\u00edt\u00e9szet\u00e9r\u0151l ismert. B\u00e1jos utc\u00e1i kiv\u00e1l\u00f3an alkalmasak egy hangulatos kar\u00e1csonyi v\u00e1s\u00e1r megrendez\u00e9s\u00e9re. Az \u00fcnnepi szezonban a v\u00e1ros f\u0151tere \u00e9s a k\u00f6rnyez\u0151 utc\u00e1k \u00fcnnepi dekor\u00e1ci\u00f3val kelnek \u00e9letre. S\u0151t, a helyi mesterek k\u00e9zm\u0171ves kar\u00e1csonyi d\u00edszeket \u00e1rulnak, az \u00e9lelmiszer\u00e1rusok pedig a s\u00fclt geszteny\u00e9t\u0151l a forr\u00f3 csokol\u00e1d\u00e9ig mindent k\u00edn\u00e1lnak.<\/p>\n\n\n\n<p>Ezen t\u00falmen\u0151en Varasd kar\u00e1csonyi v\u00e1s\u00e1ra k\u00fcl\u00f6n\u00f6sen kedvelt a hagyom\u00e1nyos horv\u00e1t k\u00e9zm\u0171ves term\u00e9kekre \u00f6sszpontos\u00edt\u00e1s\u00e1\u00e9rt. A l\u00e1togat\u00f3knak lehet\u0151s\u00e9g\u00fck van a helyi m\u0171v\u00e9szek \u00e1ltal k\u00e9sz\u00edtett egyedi aj\u00e1nd\u00e9kok v\u00e1s\u00e1rl\u00e1s\u00e1ra. Emellett a zene is nagy szerepet j\u00e1tszik itt, a helyi k\u00f3rusok \u00e9s zen\u00e9szek fell\u00e9p\u00e9sei fokozz\u00e1k a meseszer\u0171 hangulatot. A t\u00f6rt\u00e9nelmi v\u00e1rosi k\u00f6rnyezet, macskak\u00f6ves utc\u00e1ival \u00e9s \u0151si \u00e9p\u00fcleteivel Varasd piac\u00e1t igazi nyaral\u00e1si gy\u00f6ngyszemm\u00e9 var\u00e1zsolja. A Varasd-i Adventr\u0151l tov\u00e1bbi inform\u00e1ci\u00f3k\u00e9rt \u00e9s a teljes gal\u00e9ria megtekint\u00e9s\u00e9hez l\u00e1togassa meg a <a href=\"https:\/\/www.adventuvarazdinu.com\/\" target=\"_blank\" rel=\"noreferrer noopener\">official websites<\/a>.<\/p>\n\n\n\n<figure class=\"wp-block-gallery has-nested-images columns-2 is-cropped wp-block-gallery-2 is-layout-flex wp-block-gallery-is-layout-flex\">\n<figure class=\"wp-block-image size-full\" id=\"Christmas-Maket-in-Vara\u017edin\"><img loading=\"lazy\" decoding=\"async\" width=\"1201\" height=\"793\" data-id=\"19932\" src=\"https:\/\/blog1.adriagate.com\/wp-content\/uploads\/2024\/10\/advent-u-varazdinu.png\" alt=\"Varasd kar\u00e1csonyi v\u00e1s\u00e1r\" class=\"wp-image-19932\" title=\"Christmas Maket in Vara\u017edin\" srcset=\"https:\/\/blog1.adriagate.com\/wp-content\/uploads\/2024\/10\/advent-u-varazdinu.png 1201w, https:\/\/blog1.adriagate.com\/wp-content\/uploads\/2024\/10\/advent-u-varazdinu-300x198.png 300w, https:\/\/blog1.adriagate.com\/wp-content\/uploads\/2024\/10\/advent-u-varazdinu-1024x676.png 1024w, https:\/\/blog1.adriagate.com\/wp-content\/uploads\/2024\/10\/advent-u-varazdinu-768x507.png 768w, https:\/\/blog1.adriagate.com\/wp-content\/uploads\/2024\/10\/advent-u-varazdinu-696x460.png 696w, https:\/\/blog1.adriagate.com\/wp-content\/uploads\/2024\/10\/advent-u-varazdinu-636x420.png 636w\" sizes=\"auto, (max-width: 1201px) 100vw, 1201px\" \/><figcaption class=\"wp-element-caption\">Varasd kar\u00e1csonyi v\u00e1s\u00e1r<\/figcaption><\/figure>\n\n\n\n<figure class=\"wp-block-image size-full\" id=\"Christmas-Maket-in-Vara\u017edin\"><img loading=\"lazy\" decoding=\"async\" width=\"1199\" height=\"797\" data-id=\"19924\" src=\"https:\/\/blog1.adriagate.com\/wp-content\/uploads\/2024\/10\/advent-u-varazdinu1.png\" alt=\"Varasd kar\u00e1csonyi v\u00e1s\u00e1r\" class=\"wp-image-19924\" title=\"Christmas Maket in Vara\u017edin\" srcset=\"https:\/\/blog1.adriagate.com\/wp-content\/uploads\/2024\/10\/advent-u-varazdinu1.png 1199w, https:\/\/blog1.adriagate.com\/wp-content\/uploads\/2024\/10\/advent-u-varazdinu1-300x199.png 300w, https:\/\/blog1.adriagate.com\/wp-content\/uploads\/2024\/10\/advent-u-varazdinu1-1024x681.png 1024w, https:\/\/blog1.adriagate.com\/wp-content\/uploads\/2024\/10\/advent-u-varazdinu1-768x511.png 768w, https:\/\/blog1.adriagate.com\/wp-content\/uploads\/2024\/10\/advent-u-varazdinu1-696x463.png 696w, https:\/\/blog1.adriagate.com\/wp-content\/uploads\/2024\/10\/advent-u-varazdinu1-632x420.png 632w\" sizes=\"auto, (max-width: 1199px) 100vw, 1199px\" \/><figcaption class=\"wp-element-caption\">Varasd kar\u00e1csonyi v\u00e1s\u00e1r<\/figcaption><\/figure>\n\n\n\n<figure class=\"wp-block-image size-full\" id=\"Christmas-Maket-in-Vara\u017edin\"><img loading=\"lazy\" decoding=\"async\" width=\"1190\" height=\"795\" data-id=\"19916\" src=\"https:\/\/blog1.adriagate.com\/wp-content\/uploads\/2024\/10\/advent-u-varazdinu3.png\" alt=\"Varasd kar\u00e1csonyi v\u00e1s\u00e1r\" class=\"wp-image-19916\" title=\"Christmas Maket in Vara\u017edin\" srcset=\"https:\/\/blog1.adriagate.com\/wp-content\/uploads\/2024\/10\/advent-u-varazdinu3.png 1190w, https:\/\/blog1.adriagate.com\/wp-content\/uploads\/2024\/10\/advent-u-varazdinu3-300x200.png 300w, https:\/\/blog1.adriagate.com\/wp-content\/uploads\/2024\/10\/advent-u-varazdinu3-1024x684.png 1024w, https:\/\/blog1.adriagate.com\/wp-content\/uploads\/2024\/10\/advent-u-varazdinu3-768x513.png 768w, https:\/\/blog1.adriagate.com\/wp-content\/uploads\/2024\/10\/advent-u-varazdinu3-696x465.png 696w, https:\/\/blog1.adriagate.com\/wp-content\/uploads\/2024\/10\/advent-u-varazdinu3-629x420.png 629w\" sizes=\"auto, (max-width: 1190px) 100vw, 1190px\" \/><figcaption class=\"wp-element-caption\">Varasd kar\u00e1csonyi v\u00e1s\u00e1r<\/figcaption><\/figure>\n<\/figure>\n\n\n\n<h2 class=\"wp-block-heading\">3. Zadar Advent: Tengerparti kar\u00e1csonyi var\u00e1zslat <\/h2>\n\n\n\n<p>Dalm\u00e1cia sz\u00edv\u00e9ben, Zadar egyed\u00fcl\u00e1ll\u00f3 tengerparti var\u00e1zs\u00e1t hozza a kar\u00e1csonyi szezonba az adventi piaccal, amely \u00f6tv\u00f6zi az \u00fcnnepi hangulatot a mediterr\u00e1n hangulattal. A t\u00f6rt\u00e9nelmi v\u00e1rosk\u00f6zpontban megrendezett <strong><a href=\"https:\/\/zadar.travel\/advent\/\" target=\"_blank\" rel=\"noreferrer noopener\">zadari kar\u00e1csonyi v\u00e1s\u00e1r<\/a><\/strong> a r\u00f3mai romok \u00e9s az \u00e9vsz\u00e1zados \u00e9p\u00fcletek h\u00e1tter\u00e9ben \u00e1ll, \u00e9s k\u00e9ts\u00e9gtelen\u00fcl gy\u00f6ny\u00f6r\u0171 kontrasztot teremt a villog\u00f3 \u00fcnnepi f\u00e9nyekkel.<\/p>\n\n\n\n<p>A zadari piac l\u00e1togat\u00f3i els\u0151sorban a hagyom\u00e1nyos horv\u00e1t tengeri \u00e9teleket, valamint az \u00fcnnepi kedvenceket, mint a rakija (gy\u00fcm\u00f6lcsp\u00e1linka) \u00e9s a pr\u0161ut (dalm\u00e1t prosciutto) \u00e9lvezhetik. Ezen k\u00edv\u00fcl a piac koncerteknek \u00e9s sz\u00f3rakoztat\u00f3 m\u0171soroknak ad otthont, \u00edgy ny\u00fczsg\u0151 hely a szezon csal\u00e1ddal \u00e9s bar\u00e1tokkal val\u00f3 meg\u00fcnnepl\u00e9s\u00e9re. Azok sz\u00e1m\u00e1ra, akik menek\u00fclni szeretn\u00e9nek a hideg el\u0151l, a k\u00f6zeli k\u00e1v\u00e9z\u00f3k \u00e9s \u00e9ttermek hangulatos helyeket k\u00edn\u00e1lnak, ahol elfogyaszthatnak egy forr\u00f3 italt \u00e9s n\u00e9zhetik az \u00fcnnepl\u00e9st. S\u0151t, mindazok sz\u00e1m\u00e1ra, akik Zadarba szeretn\u00e9nek ell\u00e1togatni, <a href=\"https:\/\/www.adriagate.com\/Horvatorszag-hu\/Szallasok-Zadar\" target=\"_blank\" rel=\"noreferrer noopener\">ide\u00e1lis sz\u00e1ll\u00e1slehet\u0151s\u00e9gek<\/a> \u00e1llnak rendelkez\u00e9sre az Adriai-tenger partj\u00e1n tal\u00e1lhat\u00f3 gazdag k\u00edn\u00e1lat\u00e1b\u00f3l.<\/p>\n\n\n\n<figure class=\"wp-block-gallery has-nested-images columns-default is-cropped wp-block-gallery-3 is-layout-flex wp-block-gallery-is-layout-flex\">\n<figure class=\"wp-block-image size-large\"><img loading=\"lazy\" decoding=\"async\" width=\"1024\" height=\"683\" data-id=\"19941\" src=\"https:\/\/blog1.adriagate.com\/wp-content\/uploads\/2024\/10\/12-Gastro-Advent-u-Zadru-2023-3.-dio-foto-Bojan-Bogdanic_1600x1067-thumb-1024x683.jpg\" alt=\"Zadari kar\u00e1csonyi v\u00e1s\u00e1r\" class=\"wp-image-19941\" srcset=\"https:\/\/blog1.adriagate.com\/wp-content\/uploads\/2024\/10\/12-Gastro-Advent-u-Zadru-2023-3.-dio-foto-Bojan-Bogdanic_1600x1067-thumb-1024x683.jpg 1024w, https:\/\/blog1.adriagate.com\/wp-content\/uploads\/2024\/10\/12-Gastro-Advent-u-Zadru-2023-3.-dio-foto-Bojan-Bogdanic_1600x1067-thumb-300x200.jpg 300w, https:\/\/blog1.adriagate.com\/wp-content\/uploads\/2024\/10\/12-Gastro-Advent-u-Zadru-2023-3.-dio-foto-Bojan-Bogdanic_1600x1067-thumb-768x512.jpg 768w, https:\/\/blog1.adriagate.com\/wp-content\/uploads\/2024\/10\/12-Gastro-Advent-u-Zadru-2023-3.-dio-foto-Bojan-Bogdanic_1600x1067-thumb-696x464.jpg 696w, https:\/\/blog1.adriagate.com\/wp-content\/uploads\/2024\/10\/12-Gastro-Advent-u-Zadru-2023-3.-dio-foto-Bojan-Bogdanic_1600x1067-thumb-630x420.jpg 630w, https:\/\/blog1.adriagate.com\/wp-content\/uploads\/2024\/10\/12-Gastro-Advent-u-Zadru-2023-3.-dio-foto-Bojan-Bogdanic_1600x1067-thumb.jpg 1400w\" sizes=\"auto, (max-width: 1024px) 100vw, 1024px\" \/><\/figure>\n\n\n\n<figure class=\"wp-block-image size-large\"><img loading=\"lazy\" decoding=\"async\" width=\"1024\" height=\"682\" data-id=\"19943\" src=\"https:\/\/blog1.adriagate.com\/wp-content\/uploads\/2024\/10\/066-28-Ukrasi-Advent-u-Zadru-10.12.2023-Foto-Matija-Lipar-thumb-1024x682.jpg\" alt=\"Zadari kar\u00e1csonyi v\u00e1s\u00e1r\" class=\"wp-image-19943\" srcset=\"https:\/\/blog1.adriagate.com\/wp-content\/uploads\/2024\/10\/066-28-Ukrasi-Advent-u-Zadru-10.12.2023-Foto-Matija-Lipar-thumb-1024x682.jpg 1024w, https:\/\/blog1.adriagate.com\/wp-content\/uploads\/2024\/10\/066-28-Ukrasi-Advent-u-Zadru-10.12.2023-Foto-Matija-Lipar-thumb-300x200.jpg 300w, https:\/\/blog1.adriagate.com\/wp-content\/uploads\/2024\/10\/066-28-Ukrasi-Advent-u-Zadru-10.12.2023-Foto-Matija-Lipar-thumb-768x512.jpg 768w, https:\/\/blog1.adriagate.com\/wp-content\/uploads\/2024\/10\/066-28-Ukrasi-Advent-u-Zadru-10.12.2023-Foto-Matija-Lipar-thumb-696x464.jpg 696w, https:\/\/blog1.adriagate.com\/wp-content\/uploads\/2024\/10\/066-28-Ukrasi-Advent-u-Zadru-10.12.2023-Foto-Matija-Lipar-thumb-630x420.jpg 630w, https:\/\/blog1.adriagate.com\/wp-content\/uploads\/2024\/10\/066-28-Ukrasi-Advent-u-Zadru-10.12.2023-Foto-Matija-Lipar-thumb.jpg 1400w\" sizes=\"auto, (max-width: 1024px) 100vw, 1024px\" \/><\/figure>\n\n\n\n<figure class=\"wp-block-image size-large\" id=\"Zadar-Christmas-Market\"><img loading=\"lazy\" decoding=\"async\" width=\"1024\" height=\"682\" data-id=\"19940\" src=\"https:\/\/blog1.adriagate.com\/wp-content\/uploads\/2024\/10\/067-28-Ukrasi-Advent-u-Zadru-10.12.2023-Foto-Matija-Lipar-thumb-1024x682.jpg\" alt=\"Zadari kar\u00e1csonyi v\u00e1s\u00e1r\" class=\"wp-image-19940\" title=\"Zadar Christmas Market\" srcset=\"https:\/\/blog1.adriagate.com\/wp-content\/uploads\/2024\/10\/067-28-Ukrasi-Advent-u-Zadru-10.12.2023-Foto-Matija-Lipar-thumb-1024x682.jpg 1024w, https:\/\/blog1.adriagate.com\/wp-content\/uploads\/2024\/10\/067-28-Ukrasi-Advent-u-Zadru-10.12.2023-Foto-Matija-Lipar-thumb-300x200.jpg 300w, https:\/\/blog1.adriagate.com\/wp-content\/uploads\/2024\/10\/067-28-Ukrasi-Advent-u-Zadru-10.12.2023-Foto-Matija-Lipar-thumb-768x512.jpg 768w, https:\/\/blog1.adriagate.com\/wp-content\/uploads\/2024\/10\/067-28-Ukrasi-Advent-u-Zadru-10.12.2023-Foto-Matija-Lipar-thumb-696x464.jpg 696w, https:\/\/blog1.adriagate.com\/wp-content\/uploads\/2024\/10\/067-28-Ukrasi-Advent-u-Zadru-10.12.2023-Foto-Matija-Lipar-thumb-630x420.jpg 630w, https:\/\/blog1.adriagate.com\/wp-content\/uploads\/2024\/10\/067-28-Ukrasi-Advent-u-Zadru-10.12.2023-Foto-Matija-Lipar-thumb.jpg 1400w\" sizes=\"auto, (max-width: 1024px) 100vw, 1024px\" \/><\/figure>\n<figcaption class=\"blocks-gallery-caption wp-element-caption\">Zadari kar\u00e1csonyi v\u00e1s\u00e1r<\/figcaption><\/figure>\n\n\n\n<h2 class=\"wp-block-heading\">4. Abb\u00e1zia kar\u00e1csonyi v\u00e1s\u00e1r: elb\u0171v\u00f6l\u0151 nyaral\u00e1s a tenger mellett<\/h2>\n\n\n\n<p>Az eleganci\u00e1j\u00e1r\u00f3l \u00e9s tengerparti sz\u00e9ps\u00e9g\u00e9r\u0151l ismert Abb\u00e1zia var\u00e1zslatot hoz a kar\u00e1csonyi v\u00e1s\u00e1rba. <strong><a href=\"https:\/\/www.visitopatija.com\/en\/opatija-advent\" target=\"_blank\" rel=\"noreferrer noopener\">Abb\u00e1zia kar\u00e1csonyi v\u00e1s\u00e1r<\/a><\/strong> kisebb, mint a t\u00f6bbi, de nem kev\u00e9sb\u00e9 elb\u0171v\u00f6l\u0151, gy\u00f6ny\u00f6r\u0171en feld\u00edsz\u00edtett standjai kiv\u00e1l\u00f3 min\u0151s\u00e9g\u0171 aj\u00e1nd\u00e9kokat, d\u00edszt\u00e1rgyakat \u00e9s \u00fcnnepi finoms\u00e1gokat \u00e1rulnak.<\/p>\n\n\n\n<p>Abb\u00e1zia egyik f\u00e9nypontja a kar\u00e1csonyfa-ki\u00e1ll\u00edt\u00e1s \u00e9s a f\u00e9ny\u0171z\u0151 Villa Angiolina, ahol a l\u00e1togat\u00f3k \u00fcnnepi zenei el\u0151ad\u00e1sokat \u00e9s m\u0171v\u00e9szeti ki\u00e1ll\u00edt\u00e1sokat \u00e9lvezhetnek. Abb\u00e1zia \u00fcnnepi f\u00e9nyei \u00e9s elb\u0171v\u00f6l\u0151 hangulata a helyiek \u00e9s a turist\u00e1k kedvenc\u00e9v\u00e9 teszik, akik egy kifinomultabb \u00e9s pihentet\u0151bb kar\u00e1csonyi \u00e9lm\u00e9nyre v\u00e1gynak az Adriai-tenger mellett. Aki Abb\u00e1zi\u00e1ba szeretne ell\u00e1togatni, az Adriagate k\u00edn\u00e1lat\u00e1ban <a href=\"https:\/\/www.adriagate.com\/Horvatorszag-hu\/Szallasok-Opatija\" target=\"_blank\" rel=\"noreferrer noopener\">tal\u00e1l sz\u00e1ll\u00e1slehet\u0151s\u00e9get<\/a>.<\/p>\n\n\n\n<figure class=\"wp-block-embed is-type-video is-provider-youtube wp-block-embed-youtube wp-embed-aspect-16-9 wp-has-aspect-ratio\"><div class=\"wp-block-embed__wrapper\">\n<iframe loading=\"lazy\" title=\"Opatija Advent - feel the magic!\" width=\"696\" height=\"392\" src=\"https:\/\/www.youtube.com\/embed\/W37Lq8INTBk?start=12&#038;feature=oembed\" frameborder=\"0\" allow=\"accelerometer; autoplay; clipboard-write; encrypted-media; gyroscope; picture-in-picture; web-share\" referrerpolicy=\"strict-origin-when-cross-origin\" allowfullscreen><\/iframe>\n<\/div><figcaption class=\"wp-element-caption\">Opatija Advent by Visit Opatija<\/figcaption><\/figure>\n\n\n\n<h2 class=\"wp-block-heading\" style=\"margin-bottom:18px\">5. \u0160ibenik kar\u00e1csonyi v\u00e1s\u00e1r: Csal\u00e1dbar\u00e1t \u00fcnnepi k\u00f6zpont<\/h2>\n\n\n\n<p>Csal\u00e1dbar\u00e1t \u00fati c\u00e9l \u2013 \u0160ibenik bar\u00e1ts\u00e1gos l\u00e9gk\u00f6r\u00e9r\u0151l \u00e9s \u00fcnnepi tev\u00e9kenys\u00e9geir\u0151l ismert. A tengerpart ment\u00e9n tal\u00e1lhat\u00f3 \u0160ibenik a hagyom\u00e1nyos horv\u00e1t \u00fcnnepi vid\u00e1ms\u00e1g \u00e9s kreat\u00edv l\u00e1tv\u00e1nyoss\u00e1gok kever\u00e9k\u00e9t k\u00edn\u00e1lja, mint p\u00e9ld\u00e1ul az <strong><a href=\"https:\/\/www.adventurasibenik.hr\/\" target=\"_blank\" rel=\"noreferrer noopener\">Adventura \u0160ibenik<\/a><\/strong>, amely egyetlen hullad\u00e9kmentes a horv\u00e1torsz\u00e1gi kar\u00e1csonyi v\u00e1s\u00e1rok k\u00f6z\u00f6tt. A k\u00f6rnyezettudatos l\u00e1togat\u00f3k itt k\u00e9ts\u00e9gtelen\u00fcl tal\u00e1lhatnak k\u00f6rnyezetbar\u00e1t k\u00e9zm\u0171ves term\u00e9keket, k\u00e9zzel k\u00e9sz\u00edtett term\u00e9keket \u00e9s fenntarthat\u00f3 nyaral\u00e1si finoms\u00e1gokat.<\/p>\n\n\n\n<p>A piac sz\u00e1mos gyermekprogramot is k\u00edn\u00e1l. P\u00e9ld\u00e1ul van egy Mikul\u00e1sfalu \u00e9s m\u0171helyek. Ezeken a m\u0171helyeken a gyerekek elk\u00e9sz\u00edthetik saj\u00e1t \u00fcnnepi d\u00edszeiket. Ezenk\u00edv\u00fcl a k\u00f6zponti elhelyezked\u00e9s \u00e9s a fenntarthat\u00f3 gyakorlatokra val\u00f3 \u00f6sszpontos\u00edt\u00e1s vonz\u00f3v\u00e1 teszi \u0160ibenik piac\u00e1t. Kiv\u00e1l\u00f3 v\u00e1laszt\u00e1s csal\u00e1doknak \u00e9s azoknak, akik szeretn\u00e9nek t\u00e1mogatni a helyi k\u00e9zm\u0171veseket. Ezenk\u00edv\u00fcl \u0160ibenik csal\u00e1dbar\u00e1t \u00fati c\u00e9l, rengeteg l\u00e1tnival\u00f3val eg\u00e9sz \u00e9vben. Az ide l\u00e1togatni v\u00e1gy\u00f3k azonban k\u00f6nnyed\u00e9n foglalhatnak sz\u00e1ll\u00e1st az <a href=\"https:\/\/www.adriagate.com\/Horvatorszag-hu\/Szallasok-Sibenik\" target=\"_blank\" rel=\"noreferrer noopener\">Adriagate weboldal\u00e1n kereszt\u00fcl.<\/a><\/p>\n\n\n\n<figure class=\"wp-block-gallery has-nested-images columns-2 is-cropped wp-block-gallery-4 is-layout-flex wp-block-gallery-is-layout-flex\">\n<figure class=\"wp-block-image size-large\"><img loading=\"lazy\" decoding=\"async\" width=\"1024\" height=\"683\" data-id=\"19988\" src=\"https:\/\/blog1.adriagate.com\/wp-content\/uploads\/2024\/10\/319397576_700335128336877_2437302807625144489_n-1024x683.jpg\" alt=\"\u0160ibenik kar\u00e1csonyi v\u00e1s\u00e1r\" class=\"wp-image-19988\" srcset=\"https:\/\/blog1.adriagate.com\/wp-content\/uploads\/2024\/10\/319397576_700335128336877_2437302807625144489_n-1024x683.jpg 1024w, https:\/\/blog1.adriagate.com\/wp-content\/uploads\/2024\/10\/319397576_700335128336877_2437302807625144489_n-300x200.jpg 300w, https:\/\/blog1.adriagate.com\/wp-content\/uploads\/2024\/10\/319397576_700335128336877_2437302807625144489_n-768x512.jpg 768w, https:\/\/blog1.adriagate.com\/wp-content\/uploads\/2024\/10\/319397576_700335128336877_2437302807625144489_n-1536x1024.jpg 1536w, https:\/\/blog1.adriagate.com\/wp-content\/uploads\/2024\/10\/319397576_700335128336877_2437302807625144489_n-696x464.jpg 696w, https:\/\/blog1.adriagate.com\/wp-content\/uploads\/2024\/10\/319397576_700335128336877_2437302807625144489_n-630x420.jpg 630w, https:\/\/blog1.adriagate.com\/wp-content\/uploads\/2024\/10\/319397576_700335128336877_2437302807625144489_n.jpg 1600w\" sizes=\"auto, (max-width: 1024px) 100vw, 1024px\" \/><\/figure>\n\n\n\n<figure class=\"wp-block-image size-large\"><img loading=\"lazy\" decoding=\"async\" width=\"1024\" height=\"681\" data-id=\"19980\" src=\"https:\/\/blog1.adriagate.com\/wp-content\/uploads\/2024\/10\/406809546_655773206744090_1235055032794459681_n-1024x681.jpg\" alt=\"\u0160ibenik kar\u00e1csonyi v\u00e1s\u00e1r\" class=\"wp-image-19980\" srcset=\"https:\/\/blog1.adriagate.com\/wp-content\/uploads\/2024\/10\/406809546_655773206744090_1235055032794459681_n-1024x681.jpg 1024w, https:\/\/blog1.adriagate.com\/wp-content\/uploads\/2024\/10\/406809546_655773206744090_1235055032794459681_n-300x200.jpg 300w, https:\/\/blog1.adriagate.com\/wp-content\/uploads\/2024\/10\/406809546_655773206744090_1235055032794459681_n-768x511.jpg 768w, https:\/\/blog1.adriagate.com\/wp-content\/uploads\/2024\/10\/406809546_655773206744090_1235055032794459681_n-1536x1022.jpg 1536w, https:\/\/blog1.adriagate.com\/wp-content\/uploads\/2024\/10\/406809546_655773206744090_1235055032794459681_n-696x463.jpg 696w, https:\/\/blog1.adriagate.com\/wp-content\/uploads\/2024\/10\/406809546_655773206744090_1235055032794459681_n-1920x1277.jpg 1920w, https:\/\/blog1.adriagate.com\/wp-content\/uploads\/2024\/10\/406809546_655773206744090_1235055032794459681_n-632x420.jpg 632w, https:\/\/blog1.adriagate.com\/wp-content\/uploads\/2024\/10\/406809546_655773206744090_1235055032794459681_n.jpg 2048w\" sizes=\"auto, (max-width: 1024px) 100vw, 1024px\" \/><\/figure>\n\n\n\n<figure class=\"wp-block-image size-large\"><img loading=\"lazy\" decoding=\"async\" width=\"1024\" height=\"681\" data-id=\"19966\" src=\"https:\/\/blog1.adriagate.com\/wp-content\/uploads\/2024\/10\/412104536_659662636355147_5838837831750948730_n-1024x681.jpg\" alt=\"\u0160ibenik kar\u00e1csonyi v\u00e1s\u00e1r\" class=\"wp-image-19966\" srcset=\"https:\/\/blog1.adriagate.com\/wp-content\/uploads\/2024\/10\/412104536_659662636355147_5838837831750948730_n-1024x681.jpg 1024w, https:\/\/blog1.adriagate.com\/wp-content\/uploads\/2024\/10\/412104536_659662636355147_5838837831750948730_n-300x200.jpg 300w, https:\/\/blog1.adriagate.com\/wp-content\/uploads\/2024\/10\/412104536_659662636355147_5838837831750948730_n-768x511.jpg 768w, https:\/\/blog1.adriagate.com\/wp-content\/uploads\/2024\/10\/412104536_659662636355147_5838837831750948730_n-1536x1022.jpg 1536w, https:\/\/blog1.adriagate.com\/wp-content\/uploads\/2024\/10\/412104536_659662636355147_5838837831750948730_n-696x463.jpg 696w, https:\/\/blog1.adriagate.com\/wp-content\/uploads\/2024\/10\/412104536_659662636355147_5838837831750948730_n-1920x1277.jpg 1920w, https:\/\/blog1.adriagate.com\/wp-content\/uploads\/2024\/10\/412104536_659662636355147_5838837831750948730_n-632x420.jpg 632w, https:\/\/blog1.adriagate.com\/wp-content\/uploads\/2024\/10\/412104536_659662636355147_5838837831750948730_n.jpg 2048w\" sizes=\"auto, (max-width: 1024px) 100vw, 1024px\" \/><\/figure>\n\n\n\n<figure class=\"wp-block-image size-large\"><img loading=\"lazy\" decoding=\"async\" width=\"1024\" height=\"684\" data-id=\"19964\" src=\"https:\/\/blog1.adriagate.com\/wp-content\/uploads\/2024\/10\/414110086_666603038994440_285340295474374336_n-1024x684.jpg\" alt=\"\u0160ibenik kar\u00e1csonyi v\u00e1s\u00e1r\" class=\"wp-image-19964\" srcset=\"https:\/\/blog1.adriagate.com\/wp-content\/uploads\/2024\/10\/414110086_666603038994440_285340295474374336_n-1024x684.jpg 1024w, https:\/\/blog1.adriagate.com\/wp-content\/uploads\/2024\/10\/414110086_666603038994440_285340295474374336_n-300x200.jpg 300w, https:\/\/blog1.adriagate.com\/wp-content\/uploads\/2024\/10\/414110086_666603038994440_285340295474374336_n-768x513.jpg 768w, https:\/\/blog1.adriagate.com\/wp-content\/uploads\/2024\/10\/414110086_666603038994440_285340295474374336_n-1536x1025.jpg 1536w, https:\/\/blog1.adriagate.com\/wp-content\/uploads\/2024\/10\/414110086_666603038994440_285340295474374336_n-696x465.jpg 696w, https:\/\/blog1.adriagate.com\/wp-content\/uploads\/2024\/10\/414110086_666603038994440_285340295474374336_n-1920x1282.jpg 1920w, https:\/\/blog1.adriagate.com\/wp-content\/uploads\/2024\/10\/414110086_666603038994440_285340295474374336_n-629x420.jpg 629w, https:\/\/blog1.adriagate.com\/wp-content\/uploads\/2024\/10\/414110086_666603038994440_285340295474374336_n.jpg 2048w\" sizes=\"auto, (max-width: 1024px) 100vw, 1024px\" \/><\/figure>\n<figcaption class=\"blocks-gallery-caption wp-element-caption\">\u0160ibenik kar\u00e1csonyi v\u00e1s\u00e1r<\/figcaption><\/figure>\n\n\n\n<h2 class=\"wp-block-heading\">6. Dubrovniki kar\u00e1csonyi v\u00e1s\u00e1r: \u00dcnnepi k\u00f6rnyezet az \u00f3v\u00e1rosban<\/h2>\n\n\n\n<p>V\u00e9g\u00fcl, de nem utols\u00f3sorban a dubrovniki kar\u00e1csonyi v\u00e1s\u00e1r. <strong>Dubrovnik <\/strong>t\u00f6rt\u00e9nelmi \u00f3v\u00e1rosa leny\u0171g\u00f6z\u0151 h\u00e1tteret biztos\u00edt a kar\u00e1csonyi v\u00e1s\u00e1rhoz, egyed\u00fcl\u00e1ll\u00f3 nyaral\u00e1si \u00e9lm\u00e9nyt k\u00edn\u00e1lva az Adria partj\u00e1nak egyik legikonikusabb v\u00e1ros\u00e1ban. A <strong>Dubrovacki zimski fesztiv\u00e1l (<a href=\"https:\/\/dubrovackizimskifestival.com\/en\" target=\"_blank\" rel=\"noreferrer noopener\">Dubrovnik T\u00e9li Fesztiv\u00e1l<\/a>)<\/strong>, n\u00e9ven ismert piac a gy\u00f6ny\u00f6r\u0171 Stradun utc\u00e1ban zajlik, ahol a kik\u00f6vezett sug\u00e1r\u00fat ment\u00e9n \u00fcnnepi dekor\u00e1ci\u00f3kat, \u00ednyenc \u00e9teleket \u00e9s k\u00e9zm\u0171ves term\u00e9keket \u00e1rus\u00edt\u00f3 standok sorakoznak.<\/p>\n\n\n\n<figure class=\"wp-block-image size-full\"><img loading=\"lazy\" decoding=\"async\" width=\"800\" height=\"533\" src=\"https:\/\/blog1.adriagate.com\/wp-content\/uploads\/2024\/10\/dubrovacki_zimski_festival_6.jpg\" alt=\"\" class=\"wp-image-19996\" srcset=\"https:\/\/blog1.adriagate.com\/wp-content\/uploads\/2024\/10\/dubrovacki_zimski_festival_6.jpg 800w, https:\/\/blog1.adriagate.com\/wp-content\/uploads\/2024\/10\/dubrovacki_zimski_festival_6-300x200.jpg 300w, https:\/\/blog1.adriagate.com\/wp-content\/uploads\/2024\/10\/dubrovacki_zimski_festival_6-768x512.jpg 768w, https:\/\/blog1.adriagate.com\/wp-content\/uploads\/2024\/10\/dubrovacki_zimski_festival_6-696x464.jpg 696w, https:\/\/blog1.adriagate.com\/wp-content\/uploads\/2024\/10\/dubrovacki_zimski_festival_6-630x420.jpg 630w\" sizes=\"auto, (max-width: 800px) 100vw, 800px\" \/><figcaption class=\"wp-element-caption\">Dubrovnik Winter Festival, Source: TZG Dubrovnik<\/figcaption><\/figure>\n\n\n\n<p>Dubrovnik kar\u00e1csonyi f\u00e9nypontja mindenekel\u0151tt az adventi gyerty\u00e1k meggy\u00fajt\u00e1sa \u00e9s a Lu\u017ea t\u00e9ren a kar\u00e1csonyfa. Ez a szertart\u00e1s tov\u00e1bb er\u0151s\u00edti az \u0151si v\u00e1rosfalak var\u00e1zslatos hangulat\u00e1t. Ezenk\u00edv\u00fcl a helyi zen\u00e9szek \u00e9s k\u00f3rusok \u00fcnnepi klasszikusokat adnak el\u0151, \u00fcnnepi hangulatot hozva az \u00f3v\u00e1ros UNESCO \u00e1ltal v\u00e9dett utc\u00e1iba. Ek\u00f6zben a l\u00e1togat\u00f3k \u00e9lvezhetik a szezon\u00e1lis finoms\u00e1gokat, p\u00e9ld\u00e1ul a kro\u0161tule-t (olajban s\u00fclt s\u00fctem\u00e9nyek) \u00e9s a meleg italokat, mik\u00f6zben az \u00fcnnepi szezonban Dubrovnik t\u00f6rt\u00e9nelmi sz\u00e9ps\u00e9g\u00e9ben mer\u00fclnek. Ezenk\u00edv\u00fcl az <a href=\"https:\/\/www.adriagate.com\/Horvatorszag-hu\/Szallasok-Dubrovnik\" target=\"_blank\" rel=\"noreferrer noopener\">Adriagate sz\u00e1ll\u00e1shelyek<\/a> sz\u00e9les v\u00e1laszt\u00e9k\u00e1t k\u00edn\u00e1lja Dubrovnikban, megk\u00f6nny\u00edtve a l\u00e1togat\u00f3k sz\u00e1m\u00e1ra, hogy teljes m\u00e9rt\u00e9kben \u00e9lvezhess\u00e9k a v\u00e1ros \u00fcnnepi hangulat\u00e1t.<\/p>\n\n\n\n<h2 class=\"wp-block-heading\">Horv\u00e1torsz\u00e1g \u00fcnnepi sz\u00edv\u00e9nek felfedez\u00e9se<\/h2>\n\n\n\n<p>V\u00e9g\u00fcl, a hagyom\u00e1nyokat \u00e9s a helyi kreativit\u00e1st egyar\u00e1nt \u00fcnnepl\u0151 horv\u00e1t kar\u00e1csonyi v\u00e1s\u00e1rok mindegyike egyedi k\u00e9pet ad az \u00fcnnepi szezonr\u00f3l. Ak\u00e1r Z\u00e1gr\u00e1b d\u00edjnyertes \u00fcnneps\u00e9gei, ak\u00e1r \u0160ibenik csal\u00e1dbar\u00e1t var\u00e1zsa vagy Abb\u00e1zia elb\u0171v\u00f6l\u0151 tengerparti k\u00f6rnyezete vonzza \u00d6nt, minden piac elvar\u00e1zsol. Minden helysz\u00edn egyed\u00fcl\u00e1ll\u00f3 nyaral\u00e1si \u00e9lm\u00e9nyt ny\u00fajt. Ezeknek az \u00fcnnepi k\u00f6zpontoknak a felfedez\u00e9se m\u00e9lyebb bepillant\u00e1st enged Horv\u00e1torsz\u00e1g \u00fcnnepi hagyom\u00e1nyaiba. Felfedezni fogja a horv\u00e1t n\u00e9p k\u00e9zm\u0171ves mesters\u00e9get \u00e9s a meleg lelk\u00e9t is.<\/p>\n","protected":false},"excerpt":{"rendered":"<p>Az \u00fcnnepi szezon k\u00f6zeledt\u00e9vel Horv\u00e1torsz\u00e1g fokozatosan t\u00e9li csodaorsz\u00e1gg\u00e1 v\u00e1ltozik. Ezzel az \u00e1talakul\u00e1ssal Horv\u00e1torsz\u00e1gban sz\u00e1mos kar\u00e1csonyi v\u00e1s\u00e1r j\u00f6n l\u00e9tre, amelyek bemutatj\u00e1k a nemzet gazdag kultur\u00e1lis hagyom\u00e1nyait, k\u00e9zm\u0171ves mesters\u00e9geit \u00e9s \u00fcnnepi hangulat\u00e1t. P\u00e9ld\u00e1ul Z\u00e1gr\u00e1b ny\u00fczsg\u0151 f\u0151v\u00e1ros\u00e1t\u00f3l Dubrovnik tengerparti var\u00e1zs\u00e1ig minden v\u00e1ros egyedi \u00e9lm\u00e9nyt ny\u00fajt. Mindegyik\u00fck \u00f6sszek\u00f6ti az \u00fcnnepi szok\u00e1sokat a helyi finoms\u00e1gokkal, k\u00e9zzel k\u00e9sz\u00edtett mesters\u00e9gekkel \u00e9s rengeteg [&hellip;]<\/p>\n","protected":false},"author":1,"featured_media":20022,"comment_status":"closed","ping_status":"closed","sticky":false,"template":"","format":"standard","meta":{"footnotes":""},"categories":[12,13,14,16,18],"tags":[],"class_list":{"0":"post-20063","1":"post","2":"type-post","3":"status-publish","4":"format-standard","5":"has-post-thumbnail","7":"category-city-guide","8":"category-culture-tradition","9":"category-family-holidays","10":"category-news-events","11":"category-romantic-holiday"},"yoast_head":"<!-- This site is optimized with the Yoast SEO plugin v20.4 - https:\/\/yoast.com\/wordpress\/plugins\/seo\/ -->\n<title>Kar\u00e1csonyi v\u00e1s\u00e1rok Horv\u00e1torsz\u00e1gban: Vid\u00e1ms\u00e1g \u00e9s k\u00e9zm\u0171vess\u00e9g - TRAVEL BLOG<\/title>\n<meta name=\"description\" content=\"Fedezze fel a var\u00e1zslatos kar\u00e1csonyi v\u00e1s\u00e1rokat Horv\u00e1torsz\u00e1gban, Z\u00e1gr\u00e1b d\u00edjnyertes adventj\u00e9t\u0151l Dubrovnik \u00fcnnepi \u00f3v\u00e1ros\u00e1ig.\" \/>\n<meta name=\"robots\" content=\"index, follow, max-snippet:-1, max-image-preview:large, max-video-preview:-1\" \/>\n<link rel=\"canonical\" href=\"https:\/\/www.adriagate.com\/blog\/en\/karacsonyi-vasarok-horvatorszagban-vidamsag-es-kezmuves\/\" \/>\n<meta property=\"og:locale\" content=\"en_US\" \/>\n<meta property=\"og:type\" content=\"article\" \/>\n<meta property=\"og:title\" content=\"Kar\u00e1csonyi v\u00e1s\u00e1rok Horv\u00e1torsz\u00e1gban: Vid\u00e1ms\u00e1g \u00e9s k\u00e9zm\u0171vess\u00e9g - TRAVEL BLOG\" \/>\n<meta property=\"og:description\" content=\"Fedezze fel a var\u00e1zslatos kar\u00e1csonyi v\u00e1s\u00e1rokat Horv\u00e1torsz\u00e1gban, Z\u00e1gr\u00e1b d\u00edjnyertes adventj\u00e9t\u0151l Dubrovnik \u00fcnnepi \u00f3v\u00e1ros\u00e1ig.\" \/>\n<meta property=\"og:url\" content=\"https:\/\/blog1.adriagate.com\/hu\/karacsonyi-vasarok-horvatorszagban-vidamsag-es-kezmuves\/\" \/>\n<meta property=\"og:site_name\" content=\"TRAVEL BLOG\" \/>\n<meta property=\"article:published_time\" content=\"2024-10-31T11:25:20+00:00\" \/>\n<meta property=\"article:modified_time\" content=\"2024-10-31T13:13:00+00:00\" \/>\n<meta property=\"og:image\" content=\"https:\/\/blog1.adriagate.com\/wp-content\/uploads\/2024\/10\/opatija_advent_croatia_christmas_sea_vasja_pinzovski_111358-scaled.jpg\" \/>\n\t<meta property=\"og:image:width\" content=\"2560\" \/>\n\t<meta property=\"og:image:height\" content=\"1707\" \/>\n\t<meta property=\"og:image:type\" content=\"image\/jpeg\" \/>\n<meta name=\"author\" content=\"adriagate\" \/>\n<meta name=\"twitter:card\" content=\"summary_large_image\" \/>\n<meta name=\"twitter:label1\" content=\"Written by\" \/>\n\t<meta name=\"twitter:data1\" content=\"adriagate\" \/>\n\t<meta name=\"twitter:label2\" content=\"Est. reading time\" \/>\n\t<meta name=\"twitter:data2\" content=\"8 minutes\" \/>\n<script type=\"application\/ld+json\" class=\"yoast-schema-graph\">{\"@context\":\"https:\/\/schema.org\",\"@graph\":[{\"@type\":\"WebPage\",\"@id\":\"https:\/\/blog1.adriagate.com\/hu\/karacsonyi-vasarok-horvatorszagban-vidamsag-es-kezmuves\/\",\"url\":\"https:\/\/blog1.adriagate.com\/hu\/karacsonyi-vasarok-horvatorszagban-vidamsag-es-kezmuves\/\",\"name\":\"Kar\u00e1csonyi v\u00e1s\u00e1rok Horv\u00e1torsz\u00e1gban: Vid\u00e1ms\u00e1g \u00e9s k\u00e9zm\u0171vess\u00e9g - TRAVEL BLOG\",\"isPartOf\":{\"@id\":\"https:\/\/blog1.adriagate.com\/en\/#website\"},\"datePublished\":\"2024-10-31T11:25:20+00:00\",\"dateModified\":\"2024-10-31T13:13:00+00:00\",\"author\":{\"@id\":\"https:\/\/blog1.adriagate.com\/en\/#\/schema\/person\/245da990fbb6d82f4ea7433429f798b9\"},\"description\":\"Fedezze fel a var\u00e1zslatos kar\u00e1csonyi v\u00e1s\u00e1rokat Horv\u00e1torsz\u00e1gban, Z\u00e1gr\u00e1b d\u00edjnyertes adventj\u00e9t\u0151l Dubrovnik \u00fcnnepi \u00f3v\u00e1ros\u00e1ig.\",\"breadcrumb\":{\"@id\":\"https:\/\/blog1.adriagate.com\/hu\/karacsonyi-vasarok-horvatorszagban-vidamsag-es-kezmuves\/#breadcrumb\"},\"inLanguage\":\"en-US\",\"potentialAction\":[{\"@type\":\"ReadAction\",\"target\":[\"https:\/\/blog1.adriagate.com\/hu\/karacsonyi-vasarok-horvatorszagban-vidamsag-es-kezmuves\/\"]}]},{\"@type\":\"BreadcrumbList\",\"@id\":\"https:\/\/blog1.adriagate.com\/hu\/karacsonyi-vasarok-horvatorszagban-vidamsag-es-kezmuves\/#breadcrumb\",\"itemListElement\":[{\"@type\":\"ListItem\",\"position\":1,\"name\":\"Home\",\"item\":\"https:\/\/blog1.adriagate.com\/en\/\"},{\"@type\":\"ListItem\",\"position\":2,\"name\":\"Kar\u00e1csonyi v\u00e1s\u00e1rok Horv\u00e1torsz\u00e1gban: Vid\u00e1ms\u00e1g \u00e9s k\u00e9zm\u0171vess\u00e9g\"}]},{\"@type\":\"WebSite\",\"@id\":\"https:\/\/blog1.adriagate.com\/en\/#website\",\"url\":\"https:\/\/blog1.adriagate.com\/en\/\",\"name\":\"TRAVEL BLOG\",\"description\":\"Powered by Adriagate\",\"potentialAction\":[{\"@type\":\"SearchAction\",\"target\":{\"@type\":\"EntryPoint\",\"urlTemplate\":\"https:\/\/blog1.adriagate.com\/en\/?s={search_term_string}\"},\"query-input\":\"required name=search_term_string\"}],\"inLanguage\":\"en-US\"},{\"@type\":\"Person\",\"@id\":\"https:\/\/blog1.adriagate.com\/en\/#\/schema\/person\/245da990fbb6d82f4ea7433429f798b9\",\"name\":\"adriagate\",\"image\":{\"@type\":\"ImageObject\",\"inLanguage\":\"en-US\",\"@id\":\"https:\/\/blog1.adriagate.com\/en\/#\/schema\/person\/image\/\",\"url\":\"https:\/\/secure.gravatar.com\/avatar\/fe66b8695c2e24aee049c361c50d4c142186213aa1863e52c9fdc29ea7d733c2?s=96&d=mm&r=g\",\"contentUrl\":\"https:\/\/secure.gravatar.com\/avatar\/fe66b8695c2e24aee049c361c50d4c142186213aa1863e52c9fdc29ea7d733c2?s=96&d=mm&r=g\",\"caption\":\"adriagate\"}}]}<\/script>\n<!-- \/ Yoast SEO plugin. -->","yoast_head_json":{"title":"Kar\u00e1csonyi v\u00e1s\u00e1rok Horv\u00e1torsz\u00e1gban: Vid\u00e1ms\u00e1g \u00e9s k\u00e9zm\u0171vess\u00e9g - TRAVEL BLOG","description":"Fedezze fel a var\u00e1zslatos kar\u00e1csonyi v\u00e1s\u00e1rokat Horv\u00e1torsz\u00e1gban, Z\u00e1gr\u00e1b d\u00edjnyertes adventj\u00e9t\u0151l Dubrovnik \u00fcnnepi \u00f3v\u00e1ros\u00e1ig.","robots":{"index":"index","follow":"follow","max-snippet":"max-snippet:-1","max-image-preview":"max-image-preview:large","max-video-preview":"max-video-preview:-1"},"canonical":"https:\/\/www.adriagate.com\/blog\/en\/karacsonyi-vasarok-horvatorszagban-vidamsag-es-kezmuves\/","og_locale":"en_US","og_type":"article","og_title":"Kar\u00e1csonyi v\u00e1s\u00e1rok Horv\u00e1torsz\u00e1gban: Vid\u00e1ms\u00e1g \u00e9s k\u00e9zm\u0171vess\u00e9g - TRAVEL BLOG","og_description":"Fedezze fel a var\u00e1zslatos kar\u00e1csonyi v\u00e1s\u00e1rokat Horv\u00e1torsz\u00e1gban, Z\u00e1gr\u00e1b d\u00edjnyertes adventj\u00e9t\u0151l Dubrovnik \u00fcnnepi \u00f3v\u00e1ros\u00e1ig.","og_url":"https:\/\/blog1.adriagate.com\/hu\/karacsonyi-vasarok-horvatorszagban-vidamsag-es-kezmuves\/","og_site_name":"TRAVEL BLOG","article_published_time":"2024-10-31T11:25:20+00:00","article_modified_time":"2024-10-31T13:13:00+00:00","og_image":[{"width":2560,"height":1707,"url":"https:\/\/blog1.adriagate.com\/wp-content\/uploads\/2024\/10\/opatija_advent_croatia_christmas_sea_vasja_pinzovski_111358-scaled.jpg","type":"image\/jpeg"}],"author":"adriagate","twitter_card":"summary_large_image","twitter_misc":{"Written by":"adriagate","Est. reading time":"8 minutes"},"schema":{"@context":"https:\/\/schema.org","@graph":[{"@type":"WebPage","@id":"https:\/\/blog1.adriagate.com\/hu\/karacsonyi-vasarok-horvatorszagban-vidamsag-es-kezmuves\/","url":"https:\/\/blog1.adriagate.com\/hu\/karacsonyi-vasarok-horvatorszagban-vidamsag-es-kezmuves\/","name":"Kar\u00e1csonyi v\u00e1s\u00e1rok Horv\u00e1torsz\u00e1gban: Vid\u00e1ms\u00e1g \u00e9s k\u00e9zm\u0171vess\u00e9g - TRAVEL BLOG","isPartOf":{"@id":"https:\/\/blog1.adriagate.com\/en\/#website"},"datePublished":"2024-10-31T11:25:20+00:00","dateModified":"2024-10-31T13:13:00+00:00","author":{"@id":"https:\/\/blog1.adriagate.com\/en\/#\/schema\/person\/245da990fbb6d82f4ea7433429f798b9"},"description":"Fedezze fel a var\u00e1zslatos kar\u00e1csonyi v\u00e1s\u00e1rokat Horv\u00e1torsz\u00e1gban, Z\u00e1gr\u00e1b d\u00edjnyertes adventj\u00e9t\u0151l Dubrovnik \u00fcnnepi \u00f3v\u00e1ros\u00e1ig.","breadcrumb":{"@id":"https:\/\/blog1.adriagate.com\/hu\/karacsonyi-vasarok-horvatorszagban-vidamsag-es-kezmuves\/#breadcrumb"},"inLanguage":"en-US","potentialAction":[{"@type":"ReadAction","target":["https:\/\/blog1.adriagate.com\/hu\/karacsonyi-vasarok-horvatorszagban-vidamsag-es-kezmuves\/"]}]},{"@type":"BreadcrumbList","@id":"https:\/\/blog1.adriagate.com\/hu\/karacsonyi-vasarok-horvatorszagban-vidamsag-es-kezmuves\/#breadcrumb","itemListElement":[{"@type":"ListItem","position":1,"name":"Home","item":"https:\/\/blog1.adriagate.com\/en\/"},{"@type":"ListItem","position":2,"name":"Kar\u00e1csonyi v\u00e1s\u00e1rok Horv\u00e1torsz\u00e1gban: Vid\u00e1ms\u00e1g \u00e9s k\u00e9zm\u0171vess\u00e9g"}]},{"@type":"WebSite","@id":"https:\/\/blog1.adriagate.com\/en\/#website","url":"https:\/\/blog1.adriagate.com\/en\/","name":"TRAVEL BLOG","description":"Powered by Adriagate","potentialAction":[{"@type":"SearchAction","target":{"@type":"EntryPoint","urlTemplate":"https:\/\/blog1.adriagate.com\/en\/?s={search_term_string}"},"query-input":"required name=search_term_string"}],"inLanguage":"en-US"},{"@type":"Person","@id":"https:\/\/blog1.adriagate.com\/en\/#\/schema\/person\/245da990fbb6d82f4ea7433429f798b9","name":"adriagate","image":{"@type":"ImageObject","inLanguage":"en-US","@id":"https:\/\/blog1.adriagate.com\/en\/#\/schema\/person\/image\/","url":"https:\/\/secure.gravatar.com\/avatar\/fe66b8695c2e24aee049c361c50d4c142186213aa1863e52c9fdc29ea7d733c2?s=96&d=mm&r=g","contentUrl":"https:\/\/secure.gravatar.com\/avatar\/fe66b8695c2e24aee049c361c50d4c142186213aa1863e52c9fdc29ea7d733c2?s=96&d=mm&r=g","caption":"adriagate"}}]}},"_links":{"self":[{"href":"https:\/\/blog1.adriagate.com\/wp-json\/wp\/v2\/posts\/20063","targetHints":{"allow":["GET"]}}],"collection":[{"href":"https:\/\/blog1.adriagate.com\/wp-json\/wp\/v2\/posts"}],"about":[{"href":"https:\/\/blog1.adriagate.com\/wp-json\/wp\/v2\/types\/post"}],"author":[{"embeddable":true,"href":"https:\/\/blog1.adriagate.com\/wp-json\/wp\/v2\/users\/1"}],"replies":[{"embeddable":true,"href":"https:\/\/blog1.adriagate.com\/wp-json\/wp\/v2\/comments?post=20063"}],"version-history":[{"count":6,"href":"https:\/\/blog1.adriagate.com\/wp-json\/wp\/v2\/posts\/20063\/revisions"}],"predecessor-version":[{"id":20075,"href":"https:\/\/blog1.adriagate.com\/wp-json\/wp\/v2\/posts\/20063\/revisions\/20075"}],"wp:featuredmedia":[{"embeddable":true,"href":"https:\/\/blog1.adriagate.com\/wp-json\/wp\/v2\/media\/20022"}],"wp:attachment":[{"href":"https:\/\/blog1.adriagate.com\/wp-json\/wp\/v2\/media?parent=20063"}],"wp:term":[{"taxonomy":"category","embeddable":true,"href":"https:\/\/blog1.adriagate.com\/wp-json\/wp\/v2\/categories?post=20063"},{"taxonomy":"post_tag","embeddable":true,"href":"https:\/\/blog1.adriagate.com\/wp-json\/wp\/v2\/tags?post=20063"}],"curies":[{"name":"wp","href":"https:\/\/api.w.org\/{rel}","templated":true}]}}