{"id":17909,"date":"2023-10-30T10:44:34","date_gmt":"2023-10-30T09:44:34","guid":{"rendered":"https:\/\/blog1.adriagate.com\/?p=17909"},"modified":"2023-11-02T11:34:52","modified_gmt":"2023-11-02T10:34:52","slug":"a-magyarok-altal-foglalt-legjobb-15-horvatorszagi-uticel","status":"publish","type":"post","link":"https:\/\/blog1.adriagate.com\/hu\/a-magyarok-altal-foglalt-legjobb-15-horvatorszagi-uticel\/","title":{"rendered":"A MAGYAROK \u00c1LTAL FOGLALT LEGJOBB 15 HORV\u00c1TORSZ\u00c1GI \u00daTIC\u00c9L"},"content":{"rendered":"\n<p>Horv\u00e1torsz\u00e1g sokf\u00e9le v\u00e1laszt\u00e1si lehet\u0151s\u00e9get k\u00edn\u00e1l, kezdve a strandokt\u00f3l, az Adri\u00e1n, a bulikon, a nagyobb v\u00e1rosok turistaszezonj\u00e1nak ny\u00fczsg\u00e9s\u00e9n, \u00e1t eg\u00e9szen a kisebb, tipikus helyekig ahol meg lehet \u00e9rezni az eredeti hangulatot, valamint a hegyekig \u00e9s erd\u0151kig, \u00e9s az \u00e1ltaluk ny\u00fajtott b\u00e9k\u00e9ig. Pontosan mit lenne \u00e9rdemes megl\u00e1togatni? A v\u00e1laszt\u00e1s term\u00e9szetesen nem k\u00f6nny\u0171.<\/p>\n\n\n\n<p>Ha m\u00e9g mindig azon gondolkodik, melyik \u00fati c\u00e9lt v\u00e1lasszon k\u00f6zelg\u0151 nyaral\u00e1s\u00e1hoz, <strong>\u00fagy gondoljuk, van n\u00e9h\u00e1ny javaslatunk<\/strong>.<\/p>\n\n\n\n<p>Pontosabban el\u00e1ruljuk, <strong>hova utaznak leggyakrabban honfit\u00e1rsai<\/strong>!<\/p>\n\n\n\n<h2 class=\"wp-block-heading\">1. Crikvenica<\/h2>\n\n\n\n<figure class=\"wp-block-image size-full\"><img loading=\"lazy\" decoding=\"async\" width=\"650\" height=\"315\" src=\"https:\/\/blog1.adriagate.com\/wp-content\/uploads\/2023\/10\/127-min-1.png\" alt=\"\" class=\"wp-image-17910\" srcset=\"https:\/\/blog1.adriagate.com\/wp-content\/uploads\/2023\/10\/127-min-1.png 650w, https:\/\/blog1.adriagate.com\/wp-content\/uploads\/2023\/10\/127-min-1-300x145.png 300w\" sizes=\"auto, (max-width: 650px) 100vw, 650px\" \/><figcaption class=\"wp-element-caption\">Crikvenica<\/figcaption><\/figure>\n\n\n\n<p>Crikvenica Kvarner k\u00f6zponti helye, de t\u00f6k\u00e9letes helysz\u00edn Selce, Dramalj \u00e9s Abb\u00e1zia megl\u00e1togat\u00e1s\u00e1hoz. Gasztron\u00f3miai k\u00edn\u00e1lat, \u00e9rdekes k\u00f6rnyezet, takaros strandok \u00e9s s\u00e9t\u00e1nyok a recept, hogy ezen a list\u00e1n maradjon!<\/p>\n\n\n\n<p>Javasoljuk, hogy tekintse <a href=\"https:\/\/www.adriagate.com\/Horvatorszag-hu\/Szallasok-Crikvenica\" target=\"_blank\" rel=\"noreferrer noopener\">meg sz\u00e1ll\u00e1sk\u00edn\u00e1latunkat Crikvenica k\u00f6zel\u00e9ben<\/a> \u00bb<\/p>\n\n\n\n<h2 class=\"wp-block-heading\">2. Lopar<\/h2>\n\n\n\n<figure class=\"wp-block-image size-full\"><img loading=\"lazy\" decoding=\"async\" width=\"650\" height=\"315\" src=\"https:\/\/blog1.adriagate.com\/wp-content\/uploads\/2023\/10\/136-min.png\" alt=\"\" class=\"wp-image-17934\" srcset=\"https:\/\/blog1.adriagate.com\/wp-content\/uploads\/2023\/10\/136-min.png 650w, https:\/\/blog1.adriagate.com\/wp-content\/uploads\/2023\/10\/136-min-300x145.png 300w\" sizes=\"auto, (max-width: 650px) 100vw, 650px\" \/><figcaption class=\"wp-element-caption\">Lopar<\/figcaption><\/figure>\n\n\n\n<p>Rab v\u00e1ros\u00e1t\u00f3l mind\u00f6ssze 12 kilom\u00e9terre tal\u00e1lhat\u00f3 a &#8220;homokos paradicsom&#8221; &#8211; Lopar. A t\u00f6bb kilom\u00e9teres homokos strand t\u00f6k\u00e9letes a csal\u00e1ddal val\u00f3 nyaral\u00e1shoz, \u00e9s tekintve, hogy Lopar kis szigetekkel van k\u00f6r\u00fclv\u00e9ve (Goli Otok, Sveti Grgur, Lukovac \u00e9s \u0160kolji\u0107), minden nap valami \u00faj felfedez\u00e9s\u00e9vel telik.<\/p>\n\n\n\n<p>Javasoljuk, hogy tekintse <a href=\"https:\/\/www.adriagate.com\/Horvatorszag-hu\/Szallasok-Lopar-Rab-sziget\" target=\"_blank\" rel=\"noreferrer noopener\">meg sz\u00e1ll\u00e1sk\u00edn\u00e1latunkat Lopar k\u00f6zel\u00e9ben<\/a> \u00bb<\/p>\n\n\n\n<h2 class=\"wp-block-heading\">3. Vodice<\/h2>\n\n\n\n<figure class=\"wp-block-image size-full\"><img loading=\"lazy\" decoding=\"async\" width=\"650\" height=\"315\" src=\"https:\/\/blog1.adriagate.com\/wp-content\/uploads\/2023\/10\/125-min-3.png\" alt=\"\" class=\"wp-image-17918\" srcset=\"https:\/\/blog1.adriagate.com\/wp-content\/uploads\/2023\/10\/125-min-3.png 650w, https:\/\/blog1.adriagate.com\/wp-content\/uploads\/2023\/10\/125-min-3-300x145.png 300w\" sizes=\"auto, (max-width: 650px) 100vw, 650px\" \/><figcaption class=\"wp-element-caption\">Vodice<\/figcaption><\/figure>\n\n\n\n<p>Sok vend\u00e9g\u00fcnk, f\u0151k\u00e9nt horv\u00e1tok kedvenc c\u00e9lpontja ez, sz\u00e1mos kisebb telep\u00fcl\u00e9s tal\u00e1lhat\u00f3 a k\u00f6zelben, mint p\u00e9ld\u00e1ul Tribunj \u00e9s Srima, ahol t\u00f6bb nyugalomra lel, mint Vodice valamivel forgalmasabb k\u00f6zpontj\u00e1ban.<\/p>\n\n\n\n<p>Javasoljuk, hogy tekintse <a href=\"https:\/\/www.adriagate.com\/Horvatorszag-hu\/Szallasok-Vodice\" target=\"_blank\" rel=\"noreferrer noopener\">meg sz\u00e1ll\u00e1sk\u00edn\u00e1latunkat Vodice k\u00f6zel\u00e9ben<\/a> \u00bb<\/p>\n\n\n\n<h2 class=\"wp-block-heading\">4. Primo\u0161ten<\/h2>\n\n\n\n<figure class=\"wp-block-image size-full\"><img loading=\"lazy\" decoding=\"async\" width=\"650\" height=\"315\" src=\"https:\/\/blog1.adriagate.com\/wp-content\/uploads\/2023\/10\/126-min-1.png\" alt=\"\" class=\"wp-image-17926\" srcset=\"https:\/\/blog1.adriagate.com\/wp-content\/uploads\/2023\/10\/126-min-1.png 650w, https:\/\/blog1.adriagate.com\/wp-content\/uploads\/2023\/10\/126-min-1-300x145.png 300w\" sizes=\"auto, (max-width: 650px) 100vw, 650px\" \/><figcaption class=\"wp-element-caption\">Primo\u0161ten<\/figcaption><\/figure>\n\n\n\n<p>A fest\u0151i f\u00e9lsziget s\u00e9t\u00e1nya a v\u00edzpartr\u00f3l sz\u0171k utc\u00e1kon \u00e1t a szolg\u00e1ltat\u00e1sokkal teli strandokhoz vezet. De ami a legjobban \u00f6r\u00f6met okoz, az a k\u00f6zeli Gaj-hegyr\u0151l ny\u00edl\u00f3 kil\u00e1t\u00e1s.<\/p>\n\n\n\n<p>Javasoljuk, hogy tekintse <a href=\"https:\/\/www.adriagate.com\/Horvatorszag-hu\/Szallasok-Primosten\" target=\"_blank\" rel=\"noreferrer noopener\">meg sz\u00e1ll\u00e1sk\u00edn\u00e1latunkat Primo\u0161ten k\u00f6zel\u00e9ben<\/a> \u00bb<\/p>\n\n\n\n<h2 class=\"wp-block-heading\">5. Selce<\/h2>\n\n\n\n<p>Nem csoda, hogy Selce a vend\u00e9glista \u00e9l\u00e9n \u00e1ll, hiszen m\u00e1r 4 alkalommal is Kvarner leggondozottabb turistahely\u00e9v\u00e9 nyilv\u00e1n\u00edtott\u00e1k. Meg\u00e9rdemelte a &#8220;K\u00e9k Vir\u00e1g&#8221; d\u00edjat is, mint az Adriai-tenger legjobban karbantartott helye!<\/p>\n\n\n\n<p>Javasoljuk, hogy tekintse <a href=\"https:\/\/www.adriagate.com\/Horvatorszag-hu\/Szallasok-Selce-Crikvenica\" target=\"_blank\" rel=\"noreferrer noopener\">meg Selc k\u00f6rny\u00e9ki sz\u00e1ll\u00e1sk\u00edn\u00e1latunkat<\/a> \u00bb<\/p>\n\n\n\n<figure class=\"wp-block-image size-full\"><img loading=\"lazy\" decoding=\"async\" width=\"650\" height=\"315\" src=\"https:\/\/blog1.adriagate.com\/wp-content\/uploads\/2023\/10\/137-min.png\" alt=\"\" class=\"wp-image-17942\" srcset=\"https:\/\/blog1.adriagate.com\/wp-content\/uploads\/2023\/10\/137-min.png 650w, https:\/\/blog1.adriagate.com\/wp-content\/uploads\/2023\/10\/137-min-300x145.png 300w\" sizes=\"auto, (max-width: 650px) 100vw, 650px\" \/><figcaption class=\"wp-element-caption\">Selce<\/figcaption><\/figure>\n\n\n\n<p>A felsorolt helyek mellett a magyarok gyakran felkeresik ezeket is:<\/p>\n\n\n\n<p>6. Omi\u0161<\/p>\n\n\n\n<p>7. Rogoznica<\/p>\n\n\n\n<p>8. Dramalj<\/p>\n\n\n\n<p>9. Brela<\/p>\n\n\n\n<p>10. Novi Vinodolski<\/p>\n\n\n\n<p>11. Trogir<\/p>\n\n\n\n<p>12. Du\u0107e<\/p>\n\n\n\n<p>13. Zadar<\/p>\n\n\n\n<p>14. Biograd<\/p>\n\n\n\n<p>15. Rovinj<\/p>\n\n\n\n<p>Ha valamelyik \u00fati c\u00e9l k\u00fcl\u00f6n\u00f6sen megtetszett, siessen weboldalunkra, \u00e9s tal\u00e1ljon mag\u00e1nak sz\u00e1ll\u00e1st, <strong><a href=\"https:\/\/www.adriagate.com\/Adriai-tenger-hu\/Szallasok-Adriai-tenger\" target=\"_blank\" rel=\"noreferrer noopener\">amely felfedi a kiv\u00e1lasztott \u00fati c\u00e9l minden sz\u00e9ps\u00e9g\u00e9t!<\/a><\/strong><\/p>\n","protected":false},"excerpt":{"rendered":"<p>Horv\u00e1torsz\u00e1g sokf\u00e9le v\u00e1laszt\u00e1si lehet\u0151s\u00e9get k\u00edn\u00e1l, kezdve a strandokt\u00f3l, az Adri\u00e1n, a bulikon, a nagyobb v\u00e1rosok turistaszezonj\u00e1nak ny\u00fczsg\u00e9s\u00e9n, \u00e1t eg\u00e9szen a kisebb, tipikus helyekig ahol meg lehet \u00e9rezni az eredeti hangulatot, valamint a hegyekig \u00e9s erd\u0151kig, \u00e9s az \u00e1ltaluk ny\u00fajtott b\u00e9k\u00e9ig. Pontosan mit lenne \u00e9rdemes megl\u00e1togatni? A v\u00e1laszt\u00e1s term\u00e9szetesen nem k\u00f6nny\u0171. Ha m\u00e9g mindig azon gondolkodik, [&hellip;]<\/p>\n","protected":false},"author":2,"featured_media":17904,"comment_status":"closed","ping_status":"closed","sticky":false,"template":"","format":"standard","meta":{"footnotes":""},"categories":[104],"tags":[],"class_list":{"0":"post-17909","1":"post","2":"type-post","3":"status-publish","4":"format-standard","5":"has-post-thumbnail","7":"category-featured"},"yoast_head":"<!-- This site is optimized with the Yoast SEO plugin v20.4 - https:\/\/yoast.com\/wordpress\/plugins\/seo\/ -->\n<title>A MAGYAROK \u00c1LTAL FOGLALT LEGJOBB 15 HORV\u00c1TORSZ\u00c1GI \u00daTIC\u00c9L - TRAVEL BLOG<\/title>\n<meta name=\"robots\" content=\"index, follow, max-snippet:-1, max-image-preview:large, max-video-preview:-1\" \/>\n<link rel=\"canonical\" href=\"https:\/\/www.adriagate.com\/blog\/en\/a-magyarok-altal-foglalt-legjobb-15-horvatorszagi-uticel\/\" \/>\n<meta property=\"og:locale\" content=\"en_US\" \/>\n<meta property=\"og:type\" content=\"article\" \/>\n<meta property=\"og:title\" content=\"A MAGYAROK \u00c1LTAL FOGLALT LEGJOBB 15 HORV\u00c1TORSZ\u00c1GI \u00daTIC\u00c9L - TRAVEL BLOG\" \/>\n<meta property=\"og:description\" content=\"Horv\u00e1torsz\u00e1g sokf\u00e9le v\u00e1laszt\u00e1si lehet\u0151s\u00e9get k\u00edn\u00e1l, kezdve a strandokt\u00f3l, az Adri\u00e1n, a bulikon, a nagyobb v\u00e1rosok turistaszezonj\u00e1nak ny\u00fczsg\u00e9s\u00e9n, \u00e1t eg\u00e9szen a kisebb, tipikus helyekig ahol meg lehet \u00e9rezni az eredeti hangulatot, valamint a hegyekig \u00e9s erd\u0151kig, \u00e9s az \u00e1ltaluk ny\u00fajtott b\u00e9k\u00e9ig. Pontosan mit lenne \u00e9rdemes megl\u00e1togatni? A v\u00e1laszt\u00e1s term\u00e9szetesen nem k\u00f6nny\u0171. Ha m\u00e9g mindig azon gondolkodik, [&hellip;]\" \/>\n<meta property=\"og:url\" content=\"https:\/\/blog1.adriagate.com\/hu\/a-magyarok-altal-foglalt-legjobb-15-horvatorszagi-uticel\/\" \/>\n<meta property=\"og:site_name\" content=\"TRAVEL BLOG\" \/>\n<meta property=\"article:published_time\" content=\"2023-10-30T09:44:34+00:00\" \/>\n<meta property=\"article:modified_time\" content=\"2023-11-02T10:34:52+00:00\" \/>\n<meta property=\"og:image\" content=\"https:\/\/blog1.adriagate.com\/wp-content\/uploads\/2023\/10\/Blog_gosti_slike-650-\u00d7-315-px2-1.png\" \/>\n\t<meta property=\"og:image:width\" content=\"650\" \/>\n\t<meta property=\"og:image:height\" content=\"315\" \/>\n\t<meta property=\"og:image:type\" content=\"image\/png\" \/>\n<meta name=\"author\" content=\"Ana\" \/>\n<meta name=\"twitter:card\" content=\"summary_large_image\" \/>\n<meta name=\"twitter:label1\" content=\"Written by\" \/>\n\t<meta name=\"twitter:data1\" content=\"Ana\" \/>\n\t<meta name=\"twitter:label2\" content=\"Est. reading time\" \/>\n\t<meta name=\"twitter:data2\" content=\"3 minutes\" \/>\n<script type=\"application\/ld+json\" class=\"yoast-schema-graph\">{\"@context\":\"https:\/\/schema.org\",\"@graph\":[{\"@type\":\"WebPage\",\"@id\":\"https:\/\/blog1.adriagate.com\/hu\/a-magyarok-altal-foglalt-legjobb-15-horvatorszagi-uticel\/\",\"url\":\"https:\/\/blog1.adriagate.com\/hu\/a-magyarok-altal-foglalt-legjobb-15-horvatorszagi-uticel\/\",\"name\":\"A MAGYAROK \u00c1LTAL FOGLALT LEGJOBB 15 HORV\u00c1TORSZ\u00c1GI \u00daTIC\u00c9L - TRAVEL BLOG\",\"isPartOf\":{\"@id\":\"https:\/\/blog1.adriagate.com\/en\/#website\"},\"datePublished\":\"2023-10-30T09:44:34+00:00\",\"dateModified\":\"2023-11-02T10:34:52+00:00\",\"author\":{\"@id\":\"https:\/\/blog1.adriagate.com\/en\/#\/schema\/person\/6c240e3c1497e2d30b865edeae5742eb\"},\"breadcrumb\":{\"@id\":\"https:\/\/blog1.adriagate.com\/hu\/a-magyarok-altal-foglalt-legjobb-15-horvatorszagi-uticel\/#breadcrumb\"},\"inLanguage\":\"en-US\",\"potentialAction\":[{\"@type\":\"ReadAction\",\"target\":[\"https:\/\/blog1.adriagate.com\/hu\/a-magyarok-altal-foglalt-legjobb-15-horvatorszagi-uticel\/\"]}]},{\"@type\":\"BreadcrumbList\",\"@id\":\"https:\/\/blog1.adriagate.com\/hu\/a-magyarok-altal-foglalt-legjobb-15-horvatorszagi-uticel\/#breadcrumb\",\"itemListElement\":[{\"@type\":\"ListItem\",\"position\":1,\"name\":\"Home\",\"item\":\"https:\/\/blog1.adriagate.com\/en\/\"},{\"@type\":\"ListItem\",\"position\":2,\"name\":\"A MAGYAROK \u00c1LTAL FOGLALT LEGJOBB 15 HORV\u00c1TORSZ\u00c1GI \u00daTIC\u00c9L\"}]},{\"@type\":\"WebSite\",\"@id\":\"https:\/\/blog1.adriagate.com\/en\/#website\",\"url\":\"https:\/\/blog1.adriagate.com\/en\/\",\"name\":\"TRAVEL BLOG\",\"description\":\"Powered by Adriagate\",\"potentialAction\":[{\"@type\":\"SearchAction\",\"target\":{\"@type\":\"EntryPoint\",\"urlTemplate\":\"https:\/\/blog1.adriagate.com\/en\/?s={search_term_string}\"},\"query-input\":\"required name=search_term_string\"}],\"inLanguage\":\"en-US\"},{\"@type\":\"Person\",\"@id\":\"https:\/\/blog1.adriagate.com\/en\/#\/schema\/person\/6c240e3c1497e2d30b865edeae5742eb\",\"name\":\"Ana\",\"image\":{\"@type\":\"ImageObject\",\"inLanguage\":\"en-US\",\"@id\":\"https:\/\/blog1.adriagate.com\/en\/#\/schema\/person\/image\/\",\"url\":\"https:\/\/secure.gravatar.com\/avatar\/387b6c5e090bab726a1005972a5ea0ee4379de00183541bd6a2bf776cd46d622?s=96&d=mm&r=g\",\"contentUrl\":\"https:\/\/secure.gravatar.com\/avatar\/387b6c5e090bab726a1005972a5ea0ee4379de00183541bd6a2bf776cd46d622?s=96&d=mm&r=g\",\"caption\":\"Ana\"}}]}<\/script>\n<!-- \/ Yoast SEO plugin. -->","yoast_head_json":{"title":"A MAGYAROK \u00c1LTAL FOGLALT LEGJOBB 15 HORV\u00c1TORSZ\u00c1GI \u00daTIC\u00c9L - TRAVEL BLOG","robots":{"index":"index","follow":"follow","max-snippet":"max-snippet:-1","max-image-preview":"max-image-preview:large","max-video-preview":"max-video-preview:-1"},"canonical":"https:\/\/www.adriagate.com\/blog\/en\/a-magyarok-altal-foglalt-legjobb-15-horvatorszagi-uticel\/","og_locale":"en_US","og_type":"article","og_title":"A MAGYAROK \u00c1LTAL FOGLALT LEGJOBB 15 HORV\u00c1TORSZ\u00c1GI \u00daTIC\u00c9L - TRAVEL BLOG","og_description":"Horv\u00e1torsz\u00e1g sokf\u00e9le v\u00e1laszt\u00e1si lehet\u0151s\u00e9get k\u00edn\u00e1l, kezdve a strandokt\u00f3l, az Adri\u00e1n, a bulikon, a nagyobb v\u00e1rosok turistaszezonj\u00e1nak ny\u00fczsg\u00e9s\u00e9n, \u00e1t eg\u00e9szen a kisebb, tipikus helyekig ahol meg lehet \u00e9rezni az eredeti hangulatot, valamint a hegyekig \u00e9s erd\u0151kig, \u00e9s az \u00e1ltaluk ny\u00fajtott b\u00e9k\u00e9ig. Pontosan mit lenne \u00e9rdemes megl\u00e1togatni? A v\u00e1laszt\u00e1s term\u00e9szetesen nem k\u00f6nny\u0171. Ha m\u00e9g mindig azon gondolkodik, [&hellip;]","og_url":"https:\/\/blog1.adriagate.com\/hu\/a-magyarok-altal-foglalt-legjobb-15-horvatorszagi-uticel\/","og_site_name":"TRAVEL BLOG","article_published_time":"2023-10-30T09:44:34+00:00","article_modified_time":"2023-11-02T10:34:52+00:00","og_image":[{"width":650,"height":315,"url":"https:\/\/blog1.adriagate.com\/wp-content\/uploads\/2023\/10\/Blog_gosti_slike-650-\u00d7-315-px2-1.png","type":"image\/png"}],"author":"Ana","twitter_card":"summary_large_image","twitter_misc":{"Written by":"Ana","Est. reading time":"3 minutes"},"schema":{"@context":"https:\/\/schema.org","@graph":[{"@type":"WebPage","@id":"https:\/\/blog1.adriagate.com\/hu\/a-magyarok-altal-foglalt-legjobb-15-horvatorszagi-uticel\/","url":"https:\/\/blog1.adriagate.com\/hu\/a-magyarok-altal-foglalt-legjobb-15-horvatorszagi-uticel\/","name":"A MAGYAROK \u00c1LTAL FOGLALT LEGJOBB 15 HORV\u00c1TORSZ\u00c1GI \u00daTIC\u00c9L - TRAVEL BLOG","isPartOf":{"@id":"https:\/\/blog1.adriagate.com\/en\/#website"},"datePublished":"2023-10-30T09:44:34+00:00","dateModified":"2023-11-02T10:34:52+00:00","author":{"@id":"https:\/\/blog1.adriagate.com\/en\/#\/schema\/person\/6c240e3c1497e2d30b865edeae5742eb"},"breadcrumb":{"@id":"https:\/\/blog1.adriagate.com\/hu\/a-magyarok-altal-foglalt-legjobb-15-horvatorszagi-uticel\/#breadcrumb"},"inLanguage":"en-US","potentialAction":[{"@type":"ReadAction","target":["https:\/\/blog1.adriagate.com\/hu\/a-magyarok-altal-foglalt-legjobb-15-horvatorszagi-uticel\/"]}]},{"@type":"BreadcrumbList","@id":"https:\/\/blog1.adriagate.com\/hu\/a-magyarok-altal-foglalt-legjobb-15-horvatorszagi-uticel\/#breadcrumb","itemListElement":[{"@type":"ListItem","position":1,"name":"Home","item":"https:\/\/blog1.adriagate.com\/en\/"},{"@type":"ListItem","position":2,"name":"A MAGYAROK \u00c1LTAL FOGLALT LEGJOBB 15 HORV\u00c1TORSZ\u00c1GI \u00daTIC\u00c9L"}]},{"@type":"WebSite","@id":"https:\/\/blog1.adriagate.com\/en\/#website","url":"https:\/\/blog1.adriagate.com\/en\/","name":"TRAVEL BLOG","description":"Powered by Adriagate","potentialAction":[{"@type":"SearchAction","target":{"@type":"EntryPoint","urlTemplate":"https:\/\/blog1.adriagate.com\/en\/?s={search_term_string}"},"query-input":"required name=search_term_string"}],"inLanguage":"en-US"},{"@type":"Person","@id":"https:\/\/blog1.adriagate.com\/en\/#\/schema\/person\/6c240e3c1497e2d30b865edeae5742eb","name":"Ana","image":{"@type":"ImageObject","inLanguage":"en-US","@id":"https:\/\/blog1.adriagate.com\/en\/#\/schema\/person\/image\/","url":"https:\/\/secure.gravatar.com\/avatar\/387b6c5e090bab726a1005972a5ea0ee4379de00183541bd6a2bf776cd46d622?s=96&d=mm&r=g","contentUrl":"https:\/\/secure.gravatar.com\/avatar\/387b6c5e090bab726a1005972a5ea0ee4379de00183541bd6a2bf776cd46d622?s=96&d=mm&r=g","caption":"Ana"}}]}},"_links":{"self":[{"href":"https:\/\/blog1.adriagate.com\/wp-json\/wp\/v2\/posts\/17909","targetHints":{"allow":["GET"]}}],"collection":[{"href":"https:\/\/blog1.adriagate.com\/wp-json\/wp\/v2\/posts"}],"about":[{"href":"https:\/\/blog1.adriagate.com\/wp-json\/wp\/v2\/types\/post"}],"author":[{"embeddable":true,"href":"https:\/\/blog1.adriagate.com\/wp-json\/wp\/v2\/users\/2"}],"replies":[{"embeddable":true,"href":"https:\/\/blog1.adriagate.com\/wp-json\/wp\/v2\/comments?post=17909"}],"version-history":[{"count":3,"href":"https:\/\/blog1.adriagate.com\/wp-json\/wp\/v2\/posts\/17909\/revisions"}],"predecessor-version":[{"id":18014,"href":"https:\/\/blog1.adriagate.com\/wp-json\/wp\/v2\/posts\/17909\/revisions\/18014"}],"wp:featuredmedia":[{"embeddable":true,"href":"https:\/\/blog1.adriagate.com\/wp-json\/wp\/v2\/media\/17904"}],"wp:attachment":[{"href":"https:\/\/blog1.adriagate.com\/wp-json\/wp\/v2\/media?parent=17909"}],"wp:term":[{"taxonomy":"category","embeddable":true,"href":"https:\/\/blog1.adriagate.com\/wp-json\/wp\/v2\/categories?post=17909"},{"taxonomy":"post_tag","embeddable":true,"href":"https:\/\/blog1.adriagate.com\/wp-json\/wp\/v2\/tags?post=17909"}],"curies":[{"name":"wp","href":"https:\/\/api.w.org\/{rel}","templated":true}]}}